{"id":9980,"date":"2021-12-02T18:02:23","date_gmt":"2021-12-02T17:02:23","guid":{"rendered":"https:\/\/historiansjourneys.com\/?p=9980"},"modified":"2021-12-02T18:02:23","modified_gmt":"2021-12-02T17:02:23","slug":"dolny-slask-na-jeden-dzien-zabytki-klodzka","status":"publish","type":"post","link":"https:\/\/historiansjourneys.com\/en\/2021\/12\/02\/dolny-slask-na-jeden-dzien-zabytki-klodzka\/","title":{"rendered":"Dolny \u015al\u0105sk na jeden dzie\u0144 &#8211; zabytki K\u0142odzka!"},"content":{"rendered":"\n<p class=\"has-drop-cap has-text-align-justify has-medium-font-size wp-block-paragraph\">Dolny \u015al\u0105sk i ziemia k\u0142odzka staj\u0105&nbsp;si\u0119 coraz cz\u0119\u015bciej wybieran\u0105&nbsp;destynacj\u0105 turystyczn\u0105 w\u015br\u00f3d podr\u00f3\u017cnik\u00f3w! Wynika to zapewne z r\u00f3\u017cnorodno\u015bci atrakcji, kt\u00f3re oferuje nam ten region. Mo\u017cemy tu odpocz\u0105\u0107 w uzdrowiskach, gdzie skosztujemy zdrowotnych w\u00f3d zdrojowych, pozwiedza\u0107 tajemnicze zamczyska, powspina\u0107 si\u0119 czy relaksowa\u0107 spaceruj\u0105c po parkach i lasach. W tym regionie znajduje si\u0119&nbsp;tak\u017ce masa ciekawych miejscowo\u015bci, w kt\u00f3rych na ka\u017cdym kroku wr\u0119cz potykamy si\u0119&nbsp;o histori\u0119. Jednym z nich z pewno\u015bci\u0105 jest K\u0142odzko!<\/p>\n\n\n\n<h4 class=\"wp-block-heading\" id=\"jesli-nie-masz-czasu-przeczytac-wpisu-to-zachecam-do-wysluchania-podcastu-na-temat-klodzka\">Je\u015bli nie masz czasu przeczyta\u0107 wpisu to zach\u0119cam do wys\u0142uchania podcastu na temat K\u0142odzka!<\/h4>\n\n\n\n[soundcloud url=&#8221;https:\/\/api.soundcloud.com\/tracks\/1156767106&#8243; params=&#8221;color=#ff5500&amp;auto_play=false&amp;hide_related=false&amp;show_comments=true&amp;show_user=true&amp;show_reposts=false&amp;show_teaser=true&amp;visual=true&#8221; width=&#8221;100%&#8221; height=&#8221;300&#8243; iframe=&#8221;true&#8221; \/]\n<div style=\"font-size:10px;color:#cccccc;overflow:hidden;white-space:nowrap;font-family:Interstate, Lucida Grande, Lucida Sans Unicode, Lucida Sans, Garuda, Verdana, Tahoma, sans-serif;font-weight:100\"><a href=\"https:\/\/soundcloud.com\/historiansjourneys\" title=\"Podr\u00f3\u017ce &quot;w czasie&quot;, ale nie tylko\" target=\"_blank\" style=\"color:#cccccc;text-decoration:none\">Podr\u00f3\u017ce &#8222;w czasie&#8221;, ale nie tylko<\/a> \u00b7 <a href=\"https:\/\/soundcloud.com\/historiansjourneys\/moje-refleksje-po-wycieczce-do-klodzka\" title=\"Moje refleksje po wycieczce do K\u0142odzka\" target=\"_blank\" style=\"color:#cccccc;text-decoration:none\">Moje refleksje po wycieczce do K\u0142odzka<\/a><\/div>\n\n\n\n<h2 class=\"wp-block-heading\" id=\"co-zobaczyc-w-klodzku\">Co zobaczy\u0107 w K\u0142odzku?<\/h2>\n\n\n\n<p class=\"has-drop-cap has-text-align-justify wp-block-paragraph\">Wi\u0119kszo\u015b\u0107 zabytk\u00f3w K\u0142odzka znajduje si\u0119 w centrum miasta, wi\u0119c mo\u017cna je spokojnie zwiedza\u0107 na piechot\u0119. Mo\u017cesz tu dojecha\u0107 zar\u00f3wno samochodem, autobusem lub poci\u0105giem. Ten ostatni kursuje z Wroc\u0142awia kilka razy dziennie, a podr\u00f3\u017c trwa nieca\u0142e 1,5 godziny. Najlepiej wysi\u0105\u015b\u0107 na stacji K\u0142odzko Miasto, ale je\u015bli chcesz pospacerowa\u0107 mo\u017cesz wysi\u0105\u015b\u0107 tak\u017ce na K\u0142odzku G\u0142\u00f3wnym.<\/p>\n\n\n\n<h2 class=\"wp-block-heading\" id=\"twierdza-klodzko\">Twierdza K\u0142odzko<\/h2>\n\n\n\n<h4 class=\"wp-block-heading\" id=\"historia-twierdzy-klodzko\">Historia Twierdzy K\u0142odzko<\/h4>\n\n\n\n<p class=\"has-drop-cap has-text-align-justify wp-block-paragraph\">Pierwsze wzmianki o grodzie, kt\u00f3ry mia\u0142 znajdowa\u0107 si\u0119 na wzniesieniu, gdzie teraz stoi twierdza pochodz\u0105 z relacji Kosmasa z 981 roku. Prawdopodobnie by\u0142 to zesp\u00f3\u0142 drewnianych budynk\u00f3w, kt\u00f3re otoczone by\u0142y palisad\u0105. Mia\u0142 je spali\u0107 w 1114 roku ksi\u0105\u017c\u0119 czeski Sobies\u0142aw. Ten p\u00f3\u017aniej go odbudowa\u0142. <\/p>\n\n\n\n<p class=\"has-text-align-justify wp-block-paragraph\">Gr\u00f3d zosta\u0142 przebudowany na prze\u0142omie XIII i XIV stulecia na warowny zamek przez Henryka IV Probusa i jednocze\u015bnie sta\u0142 si\u0119 siedzib\u0105 nast\u0119pnych przedstawicieli \u015bl\u0105skich Piast\u00f3w. Kolejna wa\u017cna rozbudowa zamku mia\u0142a miejsce w po\u0142owie XVI wieku &#8211; dobudowano wtedy zamek \u015bredni i ni\u017cszy. <\/p>\n\n\n\n<p class=\"has-text-align-justify wp-block-paragraph\">W 1622 roku po Bitwie pod Bia\u0142\u0105 G\u00f3r\u0105 oddzia\u0142y habsburskie opanowa\u0142y miasto. Przeprowadzili oni kolejne wa\u017cne zmiany, mi\u0119dzy innymi rozbudowano umocnienia. \u015aredniowieczne mury zosta\u0142y zast\u0105pione kurtynami i bastionami. Odbudowa i modernizacja nada\u0142a ca\u0142o\u015bci nowoczesny kszta\u0142t. W 1742 roku w wyniku pierwszej wojny \u015bl\u0105skiej twierdza przesz\u0142a we w\u0142adanie Prus. <\/p>\n\n\n\n<figure class=\"wp-block-image alignfull size-large\"><img decoding=\"async\" src=\"https:\/\/hisfaretravel.wordpress.com\/wp-content\/uploads\/2021\/11\/pb053509.jpg?w=1024\" alt=\"\" class=\"wp-image-9985\" \/><figcaption>Widok na twierdz\u0119 od strony miasta<\/figcaption><\/figure>\n\n\n\n<p class=\"has-text-align-justify wp-block-paragraph\">Twierdza w K\u0142odzku sta\u0142a si\u0119 elementem w planach Fryderyka II, kt\u00f3re obejmowa\u0142y umocnienie zdobytych teren\u00f3w. W jego sk\u0142ad (poza K\u0142odzkiem) wchodzi\u0142y Szczecin, G\u0142og\u00f3w, Wroc\u0142aw, \u015awidnica, Srebrna G\u00f3ra i Nysa. W zwi\u0105zku z tym rozbudowano i umocniono interesuj\u0105ca nas twierdz\u0119. Po okresie wojen \u015bl\u0105skich (1770) rozebrano resztki zamku mieszkalnego, kaplicy i ko\u015bcio\u0142a, a w tym miejscu zbudowano don\u017con.<\/p>\n\n\n\n<blockquote class=\"wp-block-quote is-layout-flow wp-block-quote-is-layout-flow\"><p>CIEKAWOSTKA: Na terenie twierdzy kr\u0119cono kiedy\u015b jeden z odcink\u00f3w legendarnego ju\u017c serialu &#8222;Czterej Pancerni i Pies&#8221;<\/p><\/blockquote>\n\n\n\n<p class=\"has-text-align-justify wp-block-paragraph\">Najwa\u017cniejsz\u0105 rol\u0119 twierdza w K\u0142odzku odegra\u0142a w czasie obrony \u015al\u0105ska podczas pruskiej kampanii Napoleona (1806-1807). Po kapitulacji Nysy w r\u0119kach Prus znajdowa\u0142y si\u0119 jeszcze ziemia k\u0142odzka oraz twierdzy w Srebrnej G\u00f3rze i K\u0142odzku. Wtedy ta ostatnia sta\u0142a si\u0119 g\u0142\u00f3wn\u0105 baz\u0105 wypadow\u0105. Warto wspomnie\u0107, \u017ce twierdza przez ca\u0142y okres pozostawania w pruskich r\u0119kach by\u0142a rozbudowywana i modernizowana. 23 czerwca 1807 r wojska francuskie zaj\u0119\u0142y poblisk\u0105 Jaszkow\u0105 Doln\u0105 i nied\u0142ugo potem przyst\u0105piono do szturmu twierdzy. Dowodz\u0105cy ni\u0105 hrabia G\u00f6tzen zdecydowa\u0142 si\u0119 j\u0105 poda\u0107. Ostatecznie jednak jej nie wydano ze wzgl\u0119du na postanowienia pokoju w Tyl\u017cy (9 lipca 1807). Nieca\u0142e 60 lat p\u00f3\u017aniej Prusacy zadecydowali o rozbrojeniu warowni, poniewa\u017c uznano j\u0105 za przestarza\u0142\u0105.<\/p>\n\n\n\n<h4 class=\"wp-block-heading\" id=\"legendy-twierdzy-klodzko\">Legendy Twierdzy K\u0142odzko<\/h4>\n\n\n\n<ul class=\"wp-block-list\"><li>Legenda o Napoleonie<\/li><\/ul>\n\n\n\n<p class=\"has-drop-cap has-text-align-justify wp-block-paragraph\">Legenda wspomina, \u017ce w momencie kiedy Napoleon przeje\u017cd\u017ca\u0142 konno przez K\u0142odzko z g\u0142owy spad\u0142a mu czapka. W tym miejscu Prysach ufundowali kamienny obelisk ze wzorem czapki. Mia\u0142o to symbolizowa\u0107 upadek w\u0142adcy Francuz\u00f3w. W rzeczywisto\u015bci Napoleon nawet nie maszerowa\u0142 przez K\u0142odzko, a w czasie kapitulacji twierdzy dowodzi\u0142 pod Frydlandem. Kamie\u0144, kt\u00f3ry mo\u017cemy ogl\u0105da\u0107 upami\u0119tnia niemieckie zdobycze terytorialne w Afryce, a kapelusz by\u0142 tropikalnym nakryciem niemieckich wojsk kolonialnych.<\/p>\n\n\n\n<ul class=\"wp-block-list\"><li>Legenda o Valesce<\/li><\/ul>\n\n\n\n<p class=\"has-drop-cap has-text-align-justify wp-block-paragraph\">Podobno w okolicach XVII lub XVIII wieku K\u0142odzkiem w\u0142ada\u0142a przepi\u0119kna kobieta o ogromnej sile (podobno \u0142ama\u0142a podkowy r\u0119koma). Do tego mia\u0142a mie\u0107 si\u0119gaj\u0105ce do ziemi blond w\u0142osy, a w d\u0142oniach dzier\u017cy\u0142a \u017celazny \u0142uk, z kt\u00f3rego strzela\u0142a podobno na odleg\u0142o\u015b\u0107 nawet 8 km! Ale to nie koniec, Valeska podano je\u017cd\u017c\u0105c konno potrafi\u0142a chwyci\u0107 si\u0119 ga\u0142\u0119zi i unie\u015b\u0107 do g\u00f3ry razem z koniem! M\u00f3wi si\u0119, \u017ce to w\u0142osy kobiety mia\u0142y mie\u0107 niezwyk\u0142e moce i dotykaj\u0105c ziemi czerpa\u0142y moc natury.<\/p>\n\n\n\n<p class=\"has-text-align-justify wp-block-paragraph\">Pewnego dnia do grodu mia\u0142 przyby\u0107 rycerz z odleg\u0142ych stron i oczarowany dziewczyn\u0105 chcia\u0142 poj\u0105\u0107 j\u0105 za \u017con\u0119. Ta jednak mu odm\u00f3wi\u0142a, poniewa\u017c chcia\u0142a pozosta\u0107 niezale\u017cna, co urazi\u0142o m\u0119\u017cczyzn\u0119. Porozumia\u0142 si\u0119 z okolicznymi rycerzami, kt\u00f3rzy obawiali si\u0119 si\u0142y Valeski, wsp\u00f3lnie j\u0105 zaatakowali i uwi\u0119zili. Podczas procesu oskar\u017cono j\u0105 o czary, kt\u00f3re mia\u0142y jej dawa\u0107 si\u0142\u0119. Skazan\u0105 j\u0105 na powieszenie za r\u0119ce i nogi nad ziemi\u0105, tak by nie mog\u0142a jej dotkn\u0105\u0107 i zamurowano \u017cywcem w jednym z pomieszcze\u0144 grodu. Znany k\u0142odzki kronikarz Aelurius donosi\u0142 w 1620 roku, \u017ce duch Valeski mia\u0142 by\u0107 widziany w Zielonej Sali na zamku.<\/p>\n\n\n\n<ul class=\"wp-block-list\"><li>Studnia Tumska<\/li><\/ul>\n\n\n\n<p class=\"has-drop-cap has-text-align-justify wp-block-paragraph\">W czasie kiedy opatem tutejszego klasztoru augustian\u00f3w by\u0142 Jan II (okolice 1393 roku) rozpocz\u0119to budow\u0119 studni, a legenda g\u0142osi, \u017ce jej budowniczym by\u0142 k\u0142odzki szewc o imieniu Czes\u0142aw. Dodatkowo m\u00f3wi si\u0119, ze \u201edziennie tyle kamienia z ziemi wydoby\u0107 zdo\u0142a\u0142 ile po zako\u0144czonej wieczorem pracy, m\u00f3g\u0142 zmie\u015bci\u0107 i wynie\u015b\u0107 w swoim sk\u00f3rzanym szewskim fartuchu\u201d. Budowa studni w sumie trwa\u0142a 9 lat. Liczy ona 30 metr\u00f3w g\u0142\u0119boko\u015bci oraz 2 metry szeroko\u015bci, a wod\u0119 z niej wydobywano za pomoc\u0105 urz\u0105dzenia &#8222;ojczenasz&#8221;, kt\u00f3re nazwa pochodzi o tego, \u017ce wyci\u0105gni\u0119cie wody od jej lustra do kraw\u0119dzi studni zajmowa\u0142o tyle co modlitwa \u201eOjcze nasz\u201d.<\/p>\n\n\n\n<figure class=\"wp-block-image alignfull size-large\"><img decoding=\"async\" src=\"https:\/\/hisfaretravel.wordpress.com\/wp-content\/uploads\/2021\/11\/pb053487.jpg?w=1024\" alt=\"\" class=\"wp-image-9986\" \/><\/figure>\n\n\n\n<figure class=\"wp-block-image alignfull size-large\"><img decoding=\"async\" src=\"https:\/\/hisfaretravel.wordpress.com\/wp-content\/uploads\/2021\/11\/pb053478.jpg?w=1024\" alt=\"\" class=\"wp-image-9987\" \/><figcaption>Widok na miasto z twierdzy<\/figcaption><\/figure>\n\n\n\n<ul class=\"wp-block-list\"><li>Studnia Piekarska<\/li><\/ul>\n\n\n\n<p class=\"has-drop-cap has-text-align-justify wp-block-paragraph\">Ta studnia za\u015b znajdowa\u0142a si\u0119 w Don\u017conie na twierdzy, a wykuta zosta\u0142\u0105 w skalne i mia\u0142a podobno 50 metr\u00f3w g\u0142\u0119boko\u015bci. Jej nazwa pochodzi\u0142a od miejsca ko\u0142o, kt\u00f3rego si\u0119 znajdowa\u0142a &#8211; chodzi tutaj oczywi\u015bcie o piekarnie. Legenda g\u0142osi, \u017ce studnia \u201ekosztowa\u0142a par\u0119 halerzy wi\u0119cej ni\u017c ca\u0142a twierdza\u201d. Podczas obl\u0119\u017cenia K\u0142odzka w 1806 roku przez Napoleona, mieszczanka Charlotta Ursinus, kt\u00f3ra by\u0142a jego zwolenniczk\u0105 zatru\u0142a wod\u0119 w studni. Tym sposobem os\u0142abi\u0142a za\u0142og\u0119, co doprowadzi\u0142o do zawarcia rozejmu z Francuzami. Na jej nieszcz\u0119\u015bcie otru\u0142a tak\u017ce swojego kochanka, a za ten czyn skazano j\u0105 na 10 lat uwi\u0119zienia w twierdzy. Podobno po odbyciu kary mieszka\u0142a w jednej z kamienic z widokiem na fortece.<\/p>\n\n\n\n<ul class=\"wp-block-list\"><li>O Janie \u017bi\u017cce<\/li><\/ul>\n\n\n\n<p class=\"has-drop-cap has-text-align-justify wp-block-paragraph\">Na soborze w Konstancji (1415) na \u015bmier\u0107 skazano czeskiego reformatora religijnego Jana Husa. To wydarzenie doprowadzi\u0142o to wielu rozruch\u00f3w religijnych, kt\u00f3re ostatecznie przekszta\u0142ci\u0142y si\u0119 w wojn\u0119 nazywan\u0105 husyck\u0105, a jednym z najwa\u017cniejszych jej przyw\u00f3dc\u00f3w by\u0142 Jan \u017bi\u017cka. Uwa\u017cano go za niezwyk\u0142ego dow\u00f3dc\u0119, poniewa\u017c mimo utraty oczu w czasie bitw\u0119 nadal dowodzi\u0142 swoimi oddzia\u0142ami, kt\u00f3re odnosi\u0142y zwyci\u0119stwa. Czeska legenda g\u0142osi, \u017ce kaza\u0142 swoim ludziom, aby po jego \u015bmierci zdj\u0119to z niego sk\u00f3r\u0119 i zrobiono z niej b\u0119ben. Tak te\u017c uczyniono i u\u017cywano go do 1428 roku, kiedy to zosta\u0142 zdobyty przez za\u0142og\u0119 twierdzy w K\u0142odzku, gdzie przechowywano go przez nast\u0119pne kilka wiek\u00f3w. Ostatecznie po zako\u0144czeniu I wojny \u015bl\u0105skiej (1734) komendant twierdzy Foque ofiarowa\u0142 ten b\u0119ben razem z w\u0142osami i \u0142ukiem Valeski kr\u00f3lowi Fryderykowi II. P\u00f3\u017aniej \u015blad po nim zagin\u0105\u0142, ale uwa\u017ca si\u0119, \u017ce odezwie si\u0119 ponownie, kiedy pa\u0144stwo czeskie b\u0119dzie w pe\u0142ni niezale\u017cne.<\/p>\n\n\n\n<p class=\"wp-block-paragraph\"> <\/p>\n\n\n\n<div class=\"wp-block-jetpack-tiled-gallery alignfull is-style-rectangular\"><div class=\"tiled-gallery__gallery\"><div class=\"tiled-gallery__row\"><div class=\"tiled-gallery__col\" style=\"flex-basis:33.33333%\"><figure class=\"tiled-gallery__item\"><img decoding=\"async\" srcset=\"https:\/\/hisfaretravel.wordpress.com\/wp-content\/uploads\/2021\/11\/pb053476.jpg?strip=info&#038;w=600 600w,https:\/\/hisfaretravel.wordpress.com\/wp-content\/uploads\/2021\/11\/pb053476.jpg?strip=info&#038;w=900 900w,https:\/\/hisfaretravel.wordpress.com\/wp-content\/uploads\/2021\/11\/pb053476.jpg?strip=info&#038;w=1200 1200w,https:\/\/hisfaretravel.wordpress.com\/wp-content\/uploads\/2021\/11\/pb053476.jpg?strip=info&#038;w=1500 1500w,https:\/\/hisfaretravel.wordpress.com\/wp-content\/uploads\/2021\/11\/pb053476.jpg?strip=info&#038;w=1536 1536w\" alt=\"\" data-height=\"2048\" data-id=\"9989\" data-link=\"https:\/\/hisfaretravel.wordpress.com\/pb053476\/\" data-url=\"https:\/\/hisfaretravel.wordpress.com\/wp-content\/uploads\/2021\/11\/pb053476.jpg?w=768\" data-width=\"1536\" src=\"https:\/\/hisfaretravel.wordpress.com\/wp-content\/uploads\/2021\/11\/pb053476.jpg\" \/><\/figure><\/div><div class=\"tiled-gallery__col\" style=\"flex-basis:33.33333%\"><figure class=\"tiled-gallery__item\"><img decoding=\"async\" srcset=\"https:\/\/hisfaretravel.wordpress.com\/wp-content\/uploads\/2021\/11\/pb053458.jpg?strip=info&#038;w=600 600w,https:\/\/hisfaretravel.wordpress.com\/wp-content\/uploads\/2021\/11\/pb053458.jpg?strip=info&#038;w=900 900w,https:\/\/hisfaretravel.wordpress.com\/wp-content\/uploads\/2021\/11\/pb053458.jpg?strip=info&#038;w=1200 1200w,https:\/\/hisfaretravel.wordpress.com\/wp-content\/uploads\/2021\/11\/pb053458.jpg?strip=info&#038;w=1500 1500w,https:\/\/hisfaretravel.wordpress.com\/wp-content\/uploads\/2021\/11\/pb053458.jpg?strip=info&#038;w=1536 1536w\" alt=\"\" data-height=\"2048\" data-id=\"9990\" data-link=\"https:\/\/hisfaretravel.wordpress.com\/pb053458\/\" data-url=\"https:\/\/hisfaretravel.wordpress.com\/wp-content\/uploads\/2021\/11\/pb053458.jpg?w=768\" data-width=\"1536\" src=\"https:\/\/hisfaretravel.wordpress.com\/wp-content\/uploads\/2021\/11\/pb053458.jpg\" \/><\/figure><\/div><div class=\"tiled-gallery__col\" style=\"flex-basis:33.33333%\"><figure class=\"tiled-gallery__item\"><img decoding=\"async\" srcset=\"https:\/\/hisfaretravel.wordpress.com\/wp-content\/uploads\/2021\/11\/pb053468.jpg?strip=info&#038;w=600 600w,https:\/\/hisfaretravel.wordpress.com\/wp-content\/uploads\/2021\/11\/pb053468.jpg?strip=info&#038;w=900 900w,https:\/\/hisfaretravel.wordpress.com\/wp-content\/uploads\/2021\/11\/pb053468.jpg?strip=info&#038;w=1200 1200w,https:\/\/hisfaretravel.wordpress.com\/wp-content\/uploads\/2021\/11\/pb053468.jpg?strip=info&#038;w=1500 1500w,https:\/\/hisfaretravel.wordpress.com\/wp-content\/uploads\/2021\/11\/pb053468.jpg?strip=info&#038;w=1536 1536w\" alt=\"\" data-height=\"2048\" data-id=\"9991\" data-link=\"https:\/\/hisfaretravel.wordpress.com\/pb053468\/\" data-url=\"https:\/\/hisfaretravel.wordpress.com\/wp-content\/uploads\/2021\/11\/pb053468.jpg?w=768\" data-width=\"1536\" src=\"https:\/\/hisfaretravel.wordpress.com\/wp-content\/uploads\/2021\/11\/pb053468.jpg\" \/><\/figure><\/div><\/div><\/div><\/div>\n\n\n\n<figure class=\"wp-block-gallery alignfull has-nested-images columns-default is-cropped blocks-gallery-grid wp-block-gallery-1 is-layout-flex wp-block-gallery-is-layout-flex\">\n<figure class=\"wp-block-image size-large\"><img decoding=\"async\" data-id=\"9994\" src=\"https:\/\/hisfaretravel.wordpress.com\/wp-content\/uploads\/2021\/11\/pb053469.jpg?w=768\" alt=\"\" class=\"wp-image-9994\" \/><\/figure>\n\n\n\n<figure class=\"wp-block-image size-large\"><img decoding=\"async\" data-id=\"9993\" src=\"https:\/\/hisfaretravel.wordpress.com\/wp-content\/uploads\/2021\/11\/pb053462.jpg?w=768\" alt=\"\" class=\"wp-image-9993\" \/><\/figure>\n<\/figure>\n\n\n\n<h2 class=\"wp-block-heading\" id=\"ratusz\">Ratusz<\/h2>\n\n\n\n<p class=\"has-drop-cap has-text-align-justify wp-block-paragraph\">Nie do ko\u0144ca wiadomo, kiedy powsta\u0142a budowla ratusza. Z pewno\u015bci\u0105 istnia\u0142 ju\u017c w XIV wieku, jednak nie wiadomo jak wtedy wygl\u0105da\u0142. Ju\u017c w 1366 roku odnotowano jego po\u017car, a ratusz odbudowano do ko\u0144ca tego stulecia.  Wed\u0142ug \u015bredniowiecznego zwyczaju parter zajmowa\u0142y kramy kupieckie, a na pietrze znajdowa\u0142 si\u0119 magistrat miejski. <\/p>\n\n\n\n<p class=\"has-text-align-justify wp-block-paragraph\">W kolejnych stuleciach ratusz by\u0142 cz\u0119sto przebudowywany. Niestety ponownie sp\u0142on\u0105\u0142 w 1744 roku, ponownie go odbudowano jednak ka\u017cda cze\u015b\u0107 stanowi\u0142a jakby inny styl architektoniczny a budowa\u0142a nie by\u0142a sp\u00f3jna. Ratusz ponownie sp\u0142on\u0105\u0142 w 1886 roku, a przed po\u017carem uda\u0142o si\u0119 uratowa\u0107 tylko \u015bredniowieczn\u0105 wie\u017c\u0119. Nowy budynek powsta\u0142 wed\u0142ug projektu Ewalda Begera, kt\u00f3ry pracowa\u0142 m.in. przy przebudowie Pa\u0142acu w Bo\u017ckowie. Ten sta\u0142 si\u0119 inspiracj\u0105 dla nowopowsta\u0142ego ratusza. <\/p>\n\n\n\n<p class=\"has-text-align-justify wp-block-paragraph\">Do dzi\u015b sporych rozmiar\u00f3w i troch\u0119 mroczny ratusz przyci\u0105ga uwag\u0119 turyst\u00f3w. Obok niego znajduje si\u0119 Kolumna Wotywna Naj\u015bwi\u0119tszej Maryi Panny. Powsta\u0142a w 1680 roku w podzi\u0119ce za uratowanie miasta od zarazy morowej (1479) i po\u017caru (1676).<\/p>\n\n\n\n<figure class=\"wp-block-image alignfull size-large\"><img decoding=\"async\" src=\"https:\/\/hisfaretravel.wordpress.com\/wp-content\/uploads\/2021\/11\/pb053511.jpg?w=1024\" alt=\"\" class=\"wp-image-9996\" \/><\/figure>\n\n\n\n<h5 class=\"wp-block-heading\" id=\"podoba-ci-sie-wpis-uwazasz-ze-to-co-robie-jest-pozyteczne-i-ci-pomaga-mozesz-zostac-moim-patronem-abym-mogla-skuteczniej-rozwijac-swoja-dzialalnosc-w-internecie-wiecej-informacji-znajdziesz-w-zakladce-patronite-albo-pod-linkiem-https-patronite-pl-histravel-description\">PODOBA CI SI\u0118&nbsp;WPIS? UWA\u017bASZ, \u017bE TO CO ROBI\u0118 JEST PO\u017bYTECZNE I CI POMAGA? MO\u017bESZ ZOSTA\u0106 MOIM PATRONEM, ABYM MOG\u0141A SKUTECZNIEJ ROZWIJA\u0106 SWOJ\u0104&nbsp;DZIA\u0141ALNO\u015a\u0106 W INTERNECIE! WI\u0118CEJ INFORMACJI ZNAJDZIESZ W ZAK\u0141ADCE PATRONITE ALBO POD LINKIEM:&nbsp;<a rel=\"noreferrer noopener\" href=\"https:\/\/patronite.pl\/HisTravel\/description\" target=\"_blank\">HTTPS:\/\/PATRONITE.PL\/HISTRAVEL\/DESCRIPTION<\/a><\/h5>\n\n\n\n<h2 class=\"wp-block-heading\" id=\"gotycki-most-i-deptak-nad-nysa-klodzka\">Gotycki most i deptak nad Nys\u0105 K\u0142odzka<\/h2>\n\n\n\n<p class=\"has-drop-cap has-text-align-justify wp-block-paragraph\">Gotycki most na tzw. M\u0142yn\u00f3wce to jeden z symboli K\u0142odzka &#8211; moim zdaniem zaraz po twierdzy. Jego budow\u0119 zako\u0144czono prawdopodobnie w II po\u0142owie XIII wieku, jednak nie jest to informacja pewno. Do konstrukcji u\u017cyto zaprawy z bia\u0142ka kurzych jaj, wapna oraz piasku. Kiedy\u015b na po obu stronach mostu sta\u0142y brama &#8211; g\u00f3rna i dolna &#8211; jednak rozebrano je w latach 1903-1904. Most by\u0142 kilkukrotnie przebudowywany m.in. w XVII i XVIII stuleciu. Figury, kt\u00f3re mo\u017cemy na nim ogl\u0105da\u0107 postawiono w XVIII wieku, jedynie Pieta jest starsza o jedno stulecie. Fundowali je g\u0142ownie bogaci kupcy i mieszczanie, a tak\u017ce lokalna arystokracja.<\/p>\n\n\n\n<blockquote class=\"wp-block-quote is-layout-flow wp-block-quote-is-layout-flow\"><p>CIEKAWOSTKA: Uwa\u017ca si\u0119, \u017ce most gotycki w K\u0142odzku by\u0142 wzorowany na mo\u015bcie \u015bw. Karola w Pradze. Moim zdaniem, niestety jest to nie do por\u00f3wnania, ten w stolicy Czech jest kilkana\u015bcie razy wi\u0119kszy i moim zdaniem, pi\u0119kniejszy.<\/p><\/blockquote>\n\n\n\n<figure class=\"wp-block-image alignfull size-large\"><img decoding=\"async\" src=\"https:\/\/hisfaretravel.wordpress.com\/wp-content\/uploads\/2021\/11\/img_4371.jpg?w=768\" alt=\"\" class=\"wp-image-9997\" \/><\/figure>\n\n\n\n<figure class=\"wp-block-image alignfull size-large\"><img decoding=\"async\" src=\"https:\/\/hisfaretravel.wordpress.com\/wp-content\/uploads\/2021\/11\/img_4367.jpg?w=768\" alt=\"\" class=\"wp-image-9998\" \/><\/figure>\n\n\n\n<h2 class=\"wp-block-heading\" id=\"kosciol-wniebowziecia-najswietszej-maryi-panny\">Ko\u015bci\u00f3\u0142 Wniebowzi\u0119cia Naj\u015bwi\u0119tszej Maryi Panny<\/h2>\n\n\n\n<p class=\"has-drop-cap has-text-align-justify wp-block-paragraph\">Pierwszy obiekt sakralny na tym miejscu znajdowa\u0142a si\u0119 podobno ju\u017c w 1183 roku. Nieco ponad 10 lat p\u00f3\u017aniej tereny te zosta\u0142y przekazane pod kuratel\u0119 joannit\u00f3w, kt\u00f3rzy mieli rozpocz\u0105\u0107 budow\u0119 ko\u015bcio\u0142a. Wiemy, \u017ce z pewno\u015bci\u0105 istnia\u0142 ju\u017c w 1319 roku drewniany ko\u015bci\u00f3\u0142 i mia\u0142 posiada\u0107 a\u017c dziewi\u0119\u0107 o\u0142tarzy. Kamie\u0144 w\u0119gielny mia\u0142 zosta\u0107 z\u0142o\u017cony w 1344 roku przez arcybiskupa Arnoszta z Pardubic, kt\u00f3ry mia\u0142 w K\u0142odzku doznawa\u0107 wizji w okresie dorastania. Ten zapisa\u0142 tak\u017ce w swoim testamencie poka\u017ane \u015brodki na rozbudow\u0119 ko\u015bcio\u0142a, co nast\u0105pi\u0142o na pocz\u0105tku XV wieku. Dobudowano wtedy m.in. wschodni\u0105 cz\u0119\u015b\u0107 budowli, kaplic\u0119 \u015bw. Zygmunta o mury kaplicy \u015bw. Anny (aktualnie to Kaplica Zmar\u0142ych).<\/p>\n\n\n\n<figure class=\"wp-block-image alignfull size-large\"><img decoding=\"async\" src=\"https:\/\/hisfaretravel.wordpress.com\/wp-content\/uploads\/2021\/12\/pb053507.jpg?w=1024\" alt=\"\" class=\"wp-image-10082\" \/><figcaption>Widok Ko\u015bci\u00f3\u0142 Wniebowzi\u0119cia Naj\u015bwi\u0119tszej Maryi Panny od strony twierdzy<\/figcaption><\/figure>\n\n\n\n<p class=\"has-text-align-justify wp-block-paragraph\">Wojny husyckie niestety zahamowa\u0142y dalsz\u0105 rozbudow\u0119 ko\u015bcio\u0142a i wznowiono j\u0105 dopiero w latach 50. XV wieku. Kontynuowano j\u0105 tak\u017ce w okresie reformacji. Od 1562 do 1591 ko\u015bci\u00f3\u0142 znalaz\u0142 si\u0119 w r\u0119kach protestant\u00f3w, ale joannici zachowali naw\u0119 po\u0142udniow\u0105 dla katolickich nabo\u017ce\u0144stw. Kolejn\u0105 odbudow\u0119&nbsp;i modernizacj\u0119 \u015bwi\u0105tyni przeprowadzili jezuici, kt\u00f3rzy przyj\u0119li j\u0105 w 1624 roku. To w\u0142a\u015bnie w tym czasie ozdobiono sklepienie bogat\u0105&nbsp;barokow\u0105 sztukateri\u0105, wtedy powsta\u0142y te\u017c ambona i konfesjona\u0142y, za\u015b&nbsp;w w XVIII wieku zakupiono nowe organy i wzniesiono o\u0142tarz g\u0142\u00f3wny. <\/p>\n\n\n\n<p class=\"has-text-align-justify wp-block-paragraph\">W drugiej po\u0142owie XVIII wieku zlikwidowano zakon jezuit\u00f3w, a ko\u015bci\u00f3\u0142 przej\u0105\u0142 Kr\u00f3lewsko-Pruski Zarz\u0105d Szk\u00f3\u0142, co doprowadzi\u0142o do upadku budowli. Jezuici wr\u00f3cili tu jednak do\u015b\u0107 szybko, bo ju\u017c w 1814 roku i pozostaj\u0105 w K\u0142odzku do dzi\u015b. Przeprowadzali one kolejne liczne remonty ko\u015bcio\u0142a. <\/p>\n\n\n\n<p class=\"has-text-align-justify wp-block-paragraph\">W internecie znalaz\u0142am por\u00f3wnanie Ko\u015bcio\u0142a WNMP do ko\u015bcio\u0142\u00f3w w\u0142oskich i rzeczywi\u015bcie, jak na niego spojrzymy to z zewn\u0105trz nie przypomina on innych budynk\u00f3w sakralnych, kt\u00f3re mo\u017cemy zobaczy\u0107 na Dolnym \u015al\u0105sku. Jednak moim zdaniem, najpi\u0119kniejsze jest jego wn\u0119trze, kt\u00f3re jest naprawd\u0119 przepi\u0119kne!<\/p>\n\n\n\n<figure class=\"wp-block-image alignfull size-large\"><img decoding=\"async\" src=\"https:\/\/hisfaretravel.wordpress.com\/wp-content\/uploads\/2021\/11\/pb053524.jpg?w=1024\" alt=\"\" class=\"wp-image-10002\" \/><\/figure>\n\n\n\n<div class=\"wp-block-jetpack-tiled-gallery alignfull is-style-rectangular\"><div class=\"tiled-gallery__gallery\"><div class=\"tiled-gallery__row\"><div class=\"tiled-gallery__col\" style=\"flex-basis:36.02543%\"><figure class=\"tiled-gallery__item\"><img decoding=\"async\" srcset=\"https:\/\/hisfaretravel.wordpress.com\/wp-content\/uploads\/2021\/11\/pb053527.jpg?strip=info&#038;w=600 600w,https:\/\/hisfaretravel.wordpress.com\/wp-content\/uploads\/2021\/11\/pb053527.jpg?strip=info&#038;w=900 900w,https:\/\/hisfaretravel.wordpress.com\/wp-content\/uploads\/2021\/11\/pb053527.jpg?strip=info&#038;w=1200 1200w,https:\/\/hisfaretravel.wordpress.com\/wp-content\/uploads\/2021\/11\/pb053527.jpg?strip=info&#038;w=1500 1500w,https:\/\/hisfaretravel.wordpress.com\/wp-content\/uploads\/2021\/11\/pb053527.jpg?strip=info&#038;w=1536 1536w\" alt=\"\" data-height=\"2048\" data-id=\"10003\" data-link=\"https:\/\/hisfaretravel.wordpress.com\/pb053527\/\" data-url=\"https:\/\/hisfaretravel.wordpress.com\/wp-content\/uploads\/2021\/11\/pb053527.jpg?w=768\" data-width=\"1536\" src=\"https:\/\/hisfaretravel.wordpress.com\/wp-content\/uploads\/2021\/11\/pb053527.jpg\" \/><\/figure><\/div><div class=\"tiled-gallery__col\" style=\"flex-basis:63.97457%\"><figure class=\"tiled-gallery__item\"><img decoding=\"async\" srcset=\"https:\/\/hisfaretravel.wordpress.com\/wp-content\/uploads\/2021\/11\/pb053533.jpg?strip=info&#038;w=600 600w,https:\/\/hisfaretravel.wordpress.com\/wp-content\/uploads\/2021\/11\/pb053533.jpg?strip=info&#038;w=900 900w,https:\/\/hisfaretravel.wordpress.com\/wp-content\/uploads\/2021\/11\/pb053533.jpg?strip=info&#038;w=1200 1200w,https:\/\/hisfaretravel.wordpress.com\/wp-content\/uploads\/2021\/11\/pb053533.jpg?strip=info&#038;w=1500 1500w,https:\/\/hisfaretravel.wordpress.com\/wp-content\/uploads\/2021\/11\/pb053533.jpg?strip=info&#038;w=1800 1800w,https:\/\/hisfaretravel.wordpress.com\/wp-content\/uploads\/2021\/11\/pb053533.jpg?strip=info&#038;w=2000 2000w\" alt=\"\" data-height=\"1536\" data-id=\"10004\" data-link=\"https:\/\/hisfaretravel.wordpress.com\/pb053533\/\" data-url=\"https:\/\/hisfaretravel.wordpress.com\/wp-content\/uploads\/2021\/11\/pb053533.jpg?w=1024\" data-width=\"2048\" src=\"https:\/\/hisfaretravel.wordpress.com\/wp-content\/uploads\/2021\/11\/pb053533.jpg\" \/><\/figure><\/div><\/div><\/div><\/div>\n\n\n\n<figure class=\"wp-block-image alignfull size-large\"><img decoding=\"async\" src=\"https:\/\/hisfaretravel.wordpress.com\/wp-content\/uploads\/2021\/11\/pb053532.jpg?w=1024\" alt=\"\" class=\"wp-image-10005\" \/><\/figure>\n\n\n\n<h2 class=\"wp-block-heading\" id=\"czarna-brama\">Czarna Brama<\/h2>\n\n\n\n<p class=\"has-drop-cap has-text-align-justify wp-block-paragraph\">Do wspomnianego ko\u015bcio\u0142a poprowadzi nas brama, nazywana czarn\u0105. Zosta\u0142a wzniesiona w 1703 roku i by\u0142a wej\u015bciem na cmentarz, kt\u00f3ry znajdowa\u0142 si\u0119 przy kolegiacie WNMP w K\u0142odzku. P\u00f3\u017aniej mur okalaj\u0105cy cmentarz rozebrano i zostawiono sam\u0105 bram\u0119. <\/p>\n\n\n\n<figure class=\"wp-block-image alignfull size-large\"><img decoding=\"async\" src=\"https:\/\/hisfaretravel.wordpress.com\/wp-content\/uploads\/2021\/11\/img_4365.jpg?w=768\" alt=\"\" class=\"wp-image-10000\" \/><\/figure>\n\n\n\n<h2 class=\"wp-block-heading\" id=\"kamienice-starego-miasta\">Kamienice starego miasta<\/h2>\n\n\n\n<p class=\"has-drop-cap has-text-align-justify wp-block-paragraph\">Wok\u00f3\u0142 k\u0142odzkiego starego rynku mo\u017cna ogl\u0105da\u0107 tak\u017ce kilka ciekawych kamieniczek. Poni\u017cej przedstawi\u0119 kilka najciekawszych:<\/p>\n\n\n\n<ul class=\"wp-block-list\"><li>nr 36 &#8211; to w niej mieszka\u0142a s\u0142ynna trucicielka Charlott\u0105 Ursinus, o kt\u00f3rej wspomina\u0142am wy\u017cej w legendzie. Teraz znajduje si\u0119&nbsp;tutaj sklep zielarski<\/li><li>nr 13 &#8211; od ponad 400 lat znajduje si\u0119&nbsp;tutaj apteka. Jej pierwszym w\u0142a\u015bcicielem by\u0142 Erasmus Lyranus, kt\u00f3ry nazwa\u0142 j\u0105 aptek\u0105 &#8222;Pod Murzynem&#8221;, co mia\u0142o j\u0105&nbsp;odr\u00f3\u017cni\u0107 od konkurencji &#8222;Pod Z\u0142otym Jeleniem&#8221;<\/li><li>nr 5 &#8211; to w\u0142a\u015bnie apteka &#8222;Pod Z\u0142otym Jeleniem&#8221;. Jej nazwa pochodzi od symbolu jelenia, kt\u00f3ry znajdowa\u0142 si\u0119 na fasadzie budynku od 1772 roku<\/li><li>kamienice z czasem uzyskiwa\u0142y r\u00f3\u017cne fasady oraz god\u0142a. Przy ulicy Chrobrego 9 mo\u017cemy zobaczy\u0107 spaceruj\u0105cego nied\u017awiedzia, za\u015b na ulicy Matejki raka. Na ulicy Grottgera budynek ozdobiono rze\u017ab\u0105 wilka, na ulicy Braci Gierymskich mo\u017cemy zobaczy\u0107 lwa<\/li><\/ul>\n\n\n\n<p class=\"has-text-align-justify wp-block-paragraph\">Spaceruj\u0105c po K\u0142odzku warto si\u0119&nbsp;wi\u0119c rozgl\u0105da\u0107 i patrze\u0107 w g\u00f3r\u0119!<\/p>\n\n\n\n<figure class=\"wp-block-image alignfull size-large\"><img decoding=\"async\" src=\"https:\/\/hisfaretravel.wordpress.com\/wp-content\/uploads\/2021\/12\/pb053510.jpg?w=1024\" alt=\"\" class=\"wp-image-10084\" \/><figcaption>Ci\u0105g kamienic przy rynku<\/figcaption><\/figure>\n\n\n\n<p class=\"has-drop-cap has-text-align-justify wp-block-paragraph\">K\u0142odzko odwiedzi\u0142am w zwi\u0105zku z wycieczk\u0105 z moimi studentami, kt\u00f3ry zaproponowali to miejsce jako element walor\u00f3w turystycznych naszych okolic. Z przyjemno\u015bci\u0105 pojecha\u0142am razem z nimi, poniewa\u017c K\u0142odzko mia\u0142am ju\u017c&nbsp;od d\u0142u\u017cszego czasu w swoich planach, ale jak zawsze odk\u0142ada\u0142am to na p\u00f3\u017aniej. I nie \u017ca\u0142uje, \u017ce zgodzi\u0142am si\u0119&nbsp;na wycieczk\u0119 w\u0142a\u015bnie w to miejsce. Co prawda przed K\u0142odzkiem jeszcze d\u0142uga droga, wi\u0119kszo\u015b\u0107 kamienic wymaga remontu, a w\u0142adze miasta musz\u0105 zadba\u0107 o to, aby przystosowa\u0107 miejscowo\u015b\u0107 do przyj\u0119cia turyst\u00f3w. Z pewno\u015bci\u0105 to jednak dobra alternatywa na jednodniowy wypad na Dolny \u015al\u0105sk. Im wi\u0119cej turyst\u00f3w, tym mo\u017ce bardziej urz\u0119dnicy zabior\u0105&nbsp;si\u0119&nbsp;za to pi\u0119kne miasteczko, kt\u00f3re mog\u0142oby zauroczy\u0107 wi\u0119kszo\u015b\u0107 z nas!<\/p>\n\n\n\n<h4 class=\"wp-block-heading\" id=\"jesli-podobal-ci-sie-wpis-zostaw-lajka-lub-komentarz-mozesz-takze-pomoc-w-rozwoju-bloga-niewielka-wplata-symbolicznym-kosztem-kawy-uwaga-w-zamian-za-najwieksza-otrzymasz-przewodnik-po-10-wybranych-przeze-mnie-zamkach-i-palacach-europy-z-gory-dzieki\">Je\u015bli podoba\u0142 Ci si\u0119\u00a0wpis zostaw lajka lub komentarz! Mo\u017cesz tak\u017ce pom\u00f3c w rozwoju bloga niewielk\u0105 wp\u0142at\u0105 &#8211; symbolicznym kosztem kawy! UWAGA! w zamian za najwi\u0119ksz\u0105 otrzymasz przewodnik po 10 wybranych przeze mnie zamkach i pa\u0142acach Europy!\u00a0Z g\u00f3ry dzi\u0119ki!<\/h4>\n\n\n\n<a href=\"https:\/\/buycoffee.to\/historiansjourneys\" target=\"_blank\"><img decoding=\"async\" src=\"https:\/\/buycoffee.to\/btn\/buycoffeeto-btn-primary.svg\" style=\"width:150px\" alt=\"Postaw mi kaw\u0119 na buycoffee.to\"><\/a>\n\n\n\n<p class=\"has-drop-cap has-text-align-justify wp-block-paragraph\">Je\u015bli interesuje Ci\u0119 zwiedzanie Dolnego \u015al\u0105ska to zapraszam do kilku innych wpis\u00f3w na temat tego regionu:<\/p>\n\n\n\n<ul class=\"wp-block-list\"><li><a href=\"https:\/\/hisfaretravel.wordpress.com\/2021\/01\/26\/co-zobaczyc-na-dolnym-slasku-zamki-i-palace-moje-autorskie-propozycje-na-wycieczke\/\">Co zobaczy\u0107 na Dolnym \u015al\u0105sku? Zamki i Pa\u0142ace \u2013 moje autorskie propozycje na wycieczk\u0119!<\/a><\/li><li><a href=\"https:\/\/hisfaretravel.wordpress.com\/2021\/02\/27\/zamek-ksiaz-numer-jeden-wsrod-zamkow-dolnego-slaska\/\" target=\"_blank\" rel=\"noreferrer noopener\">Zamek Ksi\u0105\u017c \u2013 numer jeden w\u015br\u00f3d zamk\u00f3w Dolnego \u015al\u0105ska. Co zobaczy\u0107, zwiedzanie, historia i informacje praktyczne<\/a><\/li><li><a href=\"https:\/\/hisfaretravel.wordpress.com\/2020\/08\/31\/palac-w-gorzanowie-dolnoslaska-ocalala-perelka\/\" target=\"_blank\" rel=\"noreferrer noopener\">Pa\u0142ac w Gorzanowie \u2013 dolno\u015bl\u0105ska, ocala\u0142a pere\u0142ka<\/a><\/li><\/ul>\n","protected":false},"excerpt":{"rendered":"<p>Dolny \u015al\u0105sk i ziemia k\u0142odzka staj\u0105&nbsp;si\u0119 coraz cz\u0119\u015bciej wybieran\u0105&nbsp;destynacj\u0105 turystyczn\u0105 w\u015br\u00f3d podr\u00f3\u017cnik\u00f3w! Wynika to zapewne z r\u00f3\u017cnorodno\u015bci atrakcji, kt\u00f3re oferuje nam ten region. Mo\u017cemy tu odpocz\u0105\u0107 w uzdrowiskach, gdzie skosztujemy zdrowotnych w\u00f3d zdrojowych, pozwiedza\u0107 tajemnicze &hellip; <\/p>","protected":false},"author":1,"featured_media":9987,"comment_status":"open","ping_status":"open","sticky":false,"template":"","format":"standard","meta":{"_jetpack_memberships_contains_paid_content":false,"footnotes":""},"categories":[56,20],"tags":[154,210],"class_list":["post-9980","post","type-post","status-publish","format-standard","has-post-thumbnail","hentry","category-dolnoslaskie","category-polska","tag-dolny-slask","tag-klodzko","has-single-img"],"yoast_head":"<!-- This site is optimized with the Yoast SEO plugin v28.0 - https:\/\/yoast.com\/product\/yoast-seo-wordpress\/ -->\n<title>Dolny \u015al\u0105sk na jeden dzie\u0144 - zabytki K\u0142odzka! - Historian&#039;s Journeys<\/title>\n<meta name=\"robots\" content=\"index, follow, max-snippet:-1, max-image-preview:large, max-video-preview:-1\" \/>\n<link rel=\"canonical\" href=\"https:\/\/historiansjourneys.com\/en\/2021\/12\/02\/dolny-slask-na-jeden-dzien-zabytki-klodzka\/\" \/>\n<meta property=\"og:locale\" content=\"en_GB\" \/>\n<meta property=\"og:type\" content=\"article\" \/>\n<meta property=\"og:title\" content=\"Dolny \u015al\u0105sk na jeden dzie\u0144 - zabytki K\u0142odzka! - Historian&#039;s Journeys\" \/>\n<meta property=\"og:description\" content=\"Dolny \u015al\u0105sk i ziemia k\u0142odzka staj\u0105&nbsp;si\u0119 coraz cz\u0119\u015bciej wybieran\u0105&nbsp;destynacj\u0105 turystyczn\u0105 w\u015br\u00f3d podr\u00f3\u017cnik\u00f3w! Wynika to zapewne z r\u00f3\u017cnorodno\u015bci atrakcji, kt\u00f3re oferuje nam ten region. Mo\u017cemy tu odpocz\u0105\u0107 w uzdrowiskach, gdzie skosztujemy zdrowotnych w\u00f3d zdrojowych, pozwiedza\u0107 tajemnicze &hellip;\" \/>\n<meta property=\"og:url\" content=\"https:\/\/historiansjourneys.com\/en\/2021\/12\/02\/dolny-slask-na-jeden-dzien-zabytki-klodzka\/\" \/>\n<meta property=\"og:site_name\" content=\"Historian&#039;s Journeys\" \/>\n<meta property=\"article:published_time\" content=\"2021-12-02T17:02:23+00:00\" \/>\n<meta name=\"author\" content=\"Historian&#039;s Journeys\" \/>\n<meta name=\"twitter:card\" content=\"summary_large_image\" \/>\n<meta name=\"twitter:label1\" content=\"Written by\" \/>\n\t<meta name=\"twitter:data1\" content=\"Historian&#039;s Journeys\" \/>\n\t<meta name=\"twitter:label2\" content=\"Estimated reading time\" \/>\n\t<meta name=\"twitter:data2\" content=\"13 minutes\" \/>\n<script type=\"application\/ld+json\" class=\"yoast-schema-graph\">{\"@context\":\"https:\\\/\\\/schema.org\",\"@graph\":[{\"@type\":\"Article\",\"@id\":\"https:\\\/\\\/historiansjourneys.com\\\/2021\\\/12\\\/02\\\/dolny-slask-na-jeden-dzien-zabytki-klodzka\\\/#article\",\"isPartOf\":{\"@id\":\"https:\\\/\\\/historiansjourneys.com\\\/2021\\\/12\\\/02\\\/dolny-slask-na-jeden-dzien-zabytki-klodzka\\\/\"},\"author\":{\"name\":\"Historian's Journeys\",\"@id\":\"https:\\\/\\\/historiansjourneys.com\\\/#\\\/schema\\\/person\\\/70e8f23bbd014ca67d80a1ebfbe3ec5b\"},\"headline\":\"Dolny \u015al\u0105sk na jeden dzie\u0144 &#8211; zabytki K\u0142odzka!\",\"datePublished\":\"2021-12-02T17:02:23+00:00\",\"mainEntityOfPage\":{\"@id\":\"https:\\\/\\\/historiansjourneys.com\\\/2021\\\/12\\\/02\\\/dolny-slask-na-jeden-dzien-zabytki-klodzka\\\/\"},\"wordCount\":2620,\"commentCount\":4,\"publisher\":{\"@id\":\"https:\\\/\\\/historiansjourneys.com\\\/#\\\/schema\\\/person\\\/70e8f23bbd014ca67d80a1ebfbe3ec5b\"},\"image\":{\"@id\":\"https:\\\/\\\/historiansjourneys.com\\\/2021\\\/12\\\/02\\\/dolny-slask-na-jeden-dzien-zabytki-klodzka\\\/#primaryimage\"},\"thumbnailUrl\":\"\",\"keywords\":[\"Dolny \u015al\u0105sk\",\"K\u0142odzko\"],\"articleSection\":[\"Dolno\u015bl\u0105skie\",\"Polska\"],\"inLanguage\":\"en-GB\",\"potentialAction\":[{\"@type\":\"CommentAction\",\"name\":\"Comment\",\"target\":[\"https:\\\/\\\/historiansjourneys.com\\\/2021\\\/12\\\/02\\\/dolny-slask-na-jeden-dzien-zabytki-klodzka\\\/#respond\"]}]},{\"@type\":\"WebPage\",\"@id\":\"https:\\\/\\\/historiansjourneys.com\\\/2021\\\/12\\\/02\\\/dolny-slask-na-jeden-dzien-zabytki-klodzka\\\/\",\"url\":\"https:\\\/\\\/historiansjourneys.com\\\/2021\\\/12\\\/02\\\/dolny-slask-na-jeden-dzien-zabytki-klodzka\\\/\",\"name\":\"Dolny \u015al\u0105sk na jeden dzie\u0144 - zabytki K\u0142odzka! - Historian&#039;s Journeys\",\"isPartOf\":{\"@id\":\"https:\\\/\\\/historiansjourneys.com\\\/#website\"},\"primaryImageOfPage\":{\"@id\":\"https:\\\/\\\/historiansjourneys.com\\\/2021\\\/12\\\/02\\\/dolny-slask-na-jeden-dzien-zabytki-klodzka\\\/#primaryimage\"},\"image\":{\"@id\":\"https:\\\/\\\/historiansjourneys.com\\\/2021\\\/12\\\/02\\\/dolny-slask-na-jeden-dzien-zabytki-klodzka\\\/#primaryimage\"},\"thumbnailUrl\":\"\",\"datePublished\":\"2021-12-02T17:02:23+00:00\",\"breadcrumb\":{\"@id\":\"https:\\\/\\\/historiansjourneys.com\\\/2021\\\/12\\\/02\\\/dolny-slask-na-jeden-dzien-zabytki-klodzka\\\/#breadcrumb\"},\"inLanguage\":\"en-GB\",\"potentialAction\":[{\"@type\":\"ReadAction\",\"target\":[\"https:\\\/\\\/historiansjourneys.com\\\/2021\\\/12\\\/02\\\/dolny-slask-na-jeden-dzien-zabytki-klodzka\\\/\"]}]},{\"@type\":\"ImageObject\",\"inLanguage\":\"en-GB\",\"@id\":\"https:\\\/\\\/historiansjourneys.com\\\/2021\\\/12\\\/02\\\/dolny-slask-na-jeden-dzien-zabytki-klodzka\\\/#primaryimage\",\"url\":\"\",\"contentUrl\":\"\"},{\"@type\":\"BreadcrumbList\",\"@id\":\"https:\\\/\\\/historiansjourneys.com\\\/2021\\\/12\\\/02\\\/dolny-slask-na-jeden-dzien-zabytki-klodzka\\\/#breadcrumb\",\"itemListElement\":[{\"@type\":\"ListItem\",\"position\":1,\"name\":\"Strona g\u0142\u00f3wna\",\"item\":\"https:\\\/\\\/historiansjourneys.com\\\/\"},{\"@type\":\"ListItem\",\"position\":2,\"name\":\"Dolny \u015al\u0105sk na jeden dzie\u0144 &#8211; zabytki K\u0142odzka!\"}]},{\"@type\":\"WebSite\",\"@id\":\"https:\\\/\\\/historiansjourneys.com\\\/#website\",\"url\":\"https:\\\/\\\/historiansjourneys.com\\\/\",\"name\":\"Historian's Journeys\",\"description\":\"Podr\u00f3\u017ce z nutk\u0105 historii\",\"publisher\":{\"@id\":\"https:\\\/\\\/historiansjourneys.com\\\/#\\\/schema\\\/person\\\/70e8f23bbd014ca67d80a1ebfbe3ec5b\"},\"potentialAction\":[{\"@type\":\"SearchAction\",\"target\":{\"@type\":\"EntryPoint\",\"urlTemplate\":\"https:\\\/\\\/historiansjourneys.com\\\/?s={search_term_string}\"},\"query-input\":{\"@type\":\"PropertyValueSpecification\",\"valueRequired\":true,\"valueName\":\"search_term_string\"}}],\"inLanguage\":\"en-GB\"},{\"@type\":[\"Person\",\"Organization\"],\"@id\":\"https:\\\/\\\/historiansjourneys.com\\\/#\\\/schema\\\/person\\\/70e8f23bbd014ca67d80a1ebfbe3ec5b\",\"name\":\"Historian's Journeys\",\"image\":{\"@type\":\"ImageObject\",\"inLanguage\":\"en-GB\",\"@id\":\"https:\\\/\\\/historiansjourneys.com\\\/wp-content\\\/uploads\\\/2025\\\/12\\\/Aleksandra-Ziober-FlyingDressFrance-05-scaled.jpg\",\"url\":\"https:\\\/\\\/historiansjourneys.com\\\/wp-content\\\/uploads\\\/2025\\\/12\\\/Aleksandra-Ziober-FlyingDressFrance-05-scaled.jpg\",\"contentUrl\":\"https:\\\/\\\/historiansjourneys.com\\\/wp-content\\\/uploads\\\/2025\\\/12\\\/Aleksandra-Ziober-FlyingDressFrance-05-scaled.jpg\",\"width\":1707,\"height\":2560,\"caption\":\"Historian's Journeys\"},\"logo\":{\"@id\":\"https:\\\/\\\/historiansjourneys.com\\\/wp-content\\\/uploads\\\/2025\\\/12\\\/Aleksandra-Ziober-FlyingDressFrance-05-scaled.jpg\"},\"sameAs\":[\"https:\\\/\\\/historiansjourneys.com\"],\"url\":\"https:\\\/\\\/historiansjourneys.com\\\/en\\\/author\\\/admin\\\/\"}]}<\/script>\n<!-- \/ Yoast SEO plugin. -->","yoast_head_json":{"title":"Dolny \u015al\u0105sk na jeden dzie\u0144 - zabytki K\u0142odzka! - Historian&#039;s Journeys","robots":{"index":"index","follow":"follow","max-snippet":"max-snippet:-1","max-image-preview":"max-image-preview:large","max-video-preview":"max-video-preview:-1"},"canonical":"https:\/\/historiansjourneys.com\/en\/2021\/12\/02\/dolny-slask-na-jeden-dzien-zabytki-klodzka\/","og_locale":"en_GB","og_type":"article","og_title":"Dolny \u015al\u0105sk na jeden dzie\u0144 - zabytki K\u0142odzka! - Historian&#039;s Journeys","og_description":"Dolny \u015al\u0105sk i ziemia k\u0142odzka staj\u0105&nbsp;si\u0119 coraz cz\u0119\u015bciej wybieran\u0105&nbsp;destynacj\u0105 turystyczn\u0105 w\u015br\u00f3d podr\u00f3\u017cnik\u00f3w! Wynika to zapewne z r\u00f3\u017cnorodno\u015bci atrakcji, kt\u00f3re oferuje nam ten region. Mo\u017cemy tu odpocz\u0105\u0107 w uzdrowiskach, gdzie skosztujemy zdrowotnych w\u00f3d zdrojowych, pozwiedza\u0107 tajemnicze &hellip;","og_url":"https:\/\/historiansjourneys.com\/en\/2021\/12\/02\/dolny-slask-na-jeden-dzien-zabytki-klodzka\/","og_site_name":"Historian&#039;s Journeys","article_published_time":"2021-12-02T17:02:23+00:00","author":"Historian's Journeys","twitter_card":"summary_large_image","twitter_misc":{"Written by":"Historian's Journeys","Estimated reading time":"13 minutes"},"schema":{"@context":"https:\/\/schema.org","@graph":[{"@type":"Article","@id":"https:\/\/historiansjourneys.com\/2021\/12\/02\/dolny-slask-na-jeden-dzien-zabytki-klodzka\/#article","isPartOf":{"@id":"https:\/\/historiansjourneys.com\/2021\/12\/02\/dolny-slask-na-jeden-dzien-zabytki-klodzka\/"},"author":{"name":"Historian's Journeys","@id":"https:\/\/historiansjourneys.com\/#\/schema\/person\/70e8f23bbd014ca67d80a1ebfbe3ec5b"},"headline":"Dolny \u015al\u0105sk na jeden dzie\u0144 &#8211; zabytki K\u0142odzka!","datePublished":"2021-12-02T17:02:23+00:00","mainEntityOfPage":{"@id":"https:\/\/historiansjourneys.com\/2021\/12\/02\/dolny-slask-na-jeden-dzien-zabytki-klodzka\/"},"wordCount":2620,"commentCount":4,"publisher":{"@id":"https:\/\/historiansjourneys.com\/#\/schema\/person\/70e8f23bbd014ca67d80a1ebfbe3ec5b"},"image":{"@id":"https:\/\/historiansjourneys.com\/2021\/12\/02\/dolny-slask-na-jeden-dzien-zabytki-klodzka\/#primaryimage"},"thumbnailUrl":"","keywords":["Dolny \u015al\u0105sk","K\u0142odzko"],"articleSection":["Dolno\u015bl\u0105skie","Polska"],"inLanguage":"en-GB","potentialAction":[{"@type":"CommentAction","name":"Comment","target":["https:\/\/historiansjourneys.com\/2021\/12\/02\/dolny-slask-na-jeden-dzien-zabytki-klodzka\/#respond"]}]},{"@type":"WebPage","@id":"https:\/\/historiansjourneys.com\/2021\/12\/02\/dolny-slask-na-jeden-dzien-zabytki-klodzka\/","url":"https:\/\/historiansjourneys.com\/2021\/12\/02\/dolny-slask-na-jeden-dzien-zabytki-klodzka\/","name":"Dolny \u015al\u0105sk na jeden dzie\u0144 - zabytki K\u0142odzka! - Historian&#039;s Journeys","isPartOf":{"@id":"https:\/\/historiansjourneys.com\/#website"},"primaryImageOfPage":{"@id":"https:\/\/historiansjourneys.com\/2021\/12\/02\/dolny-slask-na-jeden-dzien-zabytki-klodzka\/#primaryimage"},"image":{"@id":"https:\/\/historiansjourneys.com\/2021\/12\/02\/dolny-slask-na-jeden-dzien-zabytki-klodzka\/#primaryimage"},"thumbnailUrl":"","datePublished":"2021-12-02T17:02:23+00:00","breadcrumb":{"@id":"https:\/\/historiansjourneys.com\/2021\/12\/02\/dolny-slask-na-jeden-dzien-zabytki-klodzka\/#breadcrumb"},"inLanguage":"en-GB","potentialAction":[{"@type":"ReadAction","target":["https:\/\/historiansjourneys.com\/2021\/12\/02\/dolny-slask-na-jeden-dzien-zabytki-klodzka\/"]}]},{"@type":"ImageObject","inLanguage":"en-GB","@id":"https:\/\/historiansjourneys.com\/2021\/12\/02\/dolny-slask-na-jeden-dzien-zabytki-klodzka\/#primaryimage","url":"","contentUrl":""},{"@type":"BreadcrumbList","@id":"https:\/\/historiansjourneys.com\/2021\/12\/02\/dolny-slask-na-jeden-dzien-zabytki-klodzka\/#breadcrumb","itemListElement":[{"@type":"ListItem","position":1,"name":"Strona g\u0142\u00f3wna","item":"https:\/\/historiansjourneys.com\/"},{"@type":"ListItem","position":2,"name":"Dolny \u015al\u0105sk na jeden dzie\u0144 &#8211; zabytki K\u0142odzka!"}]},{"@type":"WebSite","@id":"https:\/\/historiansjourneys.com\/#website","url":"https:\/\/historiansjourneys.com\/","name":"Historian's Journeys","description":"Journeys with a touch of history","publisher":{"@id":"https:\/\/historiansjourneys.com\/#\/schema\/person\/70e8f23bbd014ca67d80a1ebfbe3ec5b"},"potentialAction":[{"@type":"SearchAction","target":{"@type":"EntryPoint","urlTemplate":"https:\/\/historiansjourneys.com\/?s={search_term_string}"},"query-input":{"@type":"PropertyValueSpecification","valueRequired":true,"valueName":"search_term_string"}}],"inLanguage":"en-GB"},{"@type":["Person","Organization"],"@id":"https:\/\/historiansjourneys.com\/#\/schema\/person\/70e8f23bbd014ca67d80a1ebfbe3ec5b","name":"Historian's Journeys","image":{"@type":"ImageObject","inLanguage":"en-GB","@id":"https:\/\/historiansjourneys.com\/wp-content\/uploads\/2025\/12\/Aleksandra-Ziober-FlyingDressFrance-05-scaled.jpg","url":"https:\/\/historiansjourneys.com\/wp-content\/uploads\/2025\/12\/Aleksandra-Ziober-FlyingDressFrance-05-scaled.jpg","contentUrl":"https:\/\/historiansjourneys.com\/wp-content\/uploads\/2025\/12\/Aleksandra-Ziober-FlyingDressFrance-05-scaled.jpg","width":1707,"height":2560,"caption":"Historian's Journeys"},"logo":{"@id":"https:\/\/historiansjourneys.com\/wp-content\/uploads\/2025\/12\/Aleksandra-Ziober-FlyingDressFrance-05-scaled.jpg"},"sameAs":["https:\/\/historiansjourneys.com"],"url":"https:\/\/historiansjourneys.com\/en\/author\/admin\/"}]}},"jetpack_featured_media_url":"","jetpack_sharing_enabled":true,"jetpack-related-posts":[{"id":6435,"url":"https:\/\/historiansjourneys.com\/en\/2022\/04\/15\/swiatynia-wang-w-karpaczu\/","url_meta":{"origin":9980,"position":0},"title":"Dlaczego Ko\u015bci\u00f3\u0142 Wang to Must-See w Karpaczu","author":"Historian's Journeys","date":"April 15, 2022","format":"image","excerpt":"\u015aredniowieczna \u015bwi\u0105tynia z Norwegii przeniesiona w sam \u015brodek Karkonoszy? Ko\u015bci\u00f3\u0142 Wang w Karpaczu zachwyca nie tylko niezwyk\u0142\u0105 drewnian\u0105 architektur\u0105, ale r\u00f3wnie\u017c histori\u0105 swojej dalekiej podr\u00f3\u017cy. Sprawd\u017a, sk\u0105d pochodzi, dlaczego trafi\u0142 na Dolny \u015al\u0105sk i co warto zobaczy\u0107 podczas wizyty.","rel":"","context":"In &quot;Dolno\u015bl\u0105skie&quot;","block_context":{"text":"Dolno\u015bl\u0105skie","link":"https:\/\/historiansjourneys.com\/en\/category\/polska\/dolnoslaskie\/"},"img":{"alt_text":"","src":"https:\/\/i0.wp.com\/historiansjourneys.com\/wp-content\/uploads\/2025\/12\/pb211118.jpg?resize=350%2C200&ssl=1","width":350,"height":200,"srcset":"https:\/\/i0.wp.com\/historiansjourneys.com\/wp-content\/uploads\/2025\/12\/pb211118.jpg?resize=350%2C200&ssl=1 1x, https:\/\/i0.wp.com\/historiansjourneys.com\/wp-content\/uploads\/2025\/12\/pb211118.jpg?resize=525%2C300&ssl=1 1.5x"},"classes":[]},{"id":8461,"url":"https:\/\/historiansjourneys.com\/en\/2021\/12\/20\/palac-w-sarnach-na-dolnym-slasku-mala-milosc-od-pierwszego-wejrzenia\/","url_meta":{"origin":9980,"position":1},"title":"Zamek w Sarnach na Dolnym \u015al\u0105sku &#8211; ma\u0142a mi\u0142o\u015b\u0107 od pierwszego wejrzenia","author":"Historian's Journeys","date":"December 20, 2021","format":"image","excerpt":"Dok\u0142adne zwiedzanie Dolnego \u015al\u0105ska rozpocz\u0119\u0142am ju\u017c\u00a0kilka lat temu, ale co krok odkrywam coraz wi\u0119ksze skarby. Jednym z nich jest Pa\u0142ac w Sarnach, kt\u00f3ry szczeg\u00f3lnie zapad\u0142 w mojej pami\u0119ci. Dlaczego? Ci\u0119\u017cko odpowiedzie\u0107 na to pytanie. Mo\u017ce urzek\u0142a mnie pyszna kawa i ciasto w tutejszej restauracji, u\u015bmiechni\u0119ta Pani za lad\u0105, spory kompleks\u2026","rel":"","context":"In &quot;Dolno\u015bl\u0105skie&quot;","block_context":{"text":"Dolno\u015bl\u0105skie","link":"https:\/\/historiansjourneys.com\/en\/category\/polska\/dolnoslaskie\/"},"img":{"alt_text":"","src":"","width":0,"height":0},"classes":[]},{"id":18250,"url":"https:\/\/historiansjourneys.com\/en\/2025\/07\/18\/zamek-frydlant-gotycka-perla-gor-izerskich-i-tajemnice-wallensteina\/","url_meta":{"origin":9980,"position":2},"title":"Fr\u00fddlant Castle \u2013 the Gothic pearl of the Jizera Mountains and the secrets of Wallenstein","author":"Historian's Journeys","date":"July 18, 2025","format":false,"excerpt":"Fr\u00fddlant Castle is one of the most interesting places in the Czech Republic \u2013 an ideal destination for a weekend trip. This Gothic-Renaissance structure, beautiful interiors, and engaging history await discovery. Find out what to see and how to plan your visit.","rel":"","context":"In &quot;Frydlant&quot;","block_context":{"text":"Frydlant","link":"https:\/\/historiansjourneys.com\/en\/category\/europa\/czechy\/frydlant\/"},"img":{"alt_text":"","src":"https:\/\/i0.wp.com\/historiansjourneys.com\/wp-content\/uploads\/2025\/12\/p5029608.jpg?resize=350%2C200&ssl=1","width":350,"height":200,"srcset":"https:\/\/i0.wp.com\/historiansjourneys.com\/wp-content\/uploads\/2025\/12\/p5029608.jpg?resize=350%2C200&ssl=1 1x, https:\/\/i0.wp.com\/historiansjourneys.com\/wp-content\/uploads\/2025\/12\/p5029608.jpg?resize=525%2C300&ssl=1 1.5x, https:\/\/i0.wp.com\/historiansjourneys.com\/wp-content\/uploads\/2025\/12\/p5029608.jpg?resize=700%2C400&ssl=1 2x"},"classes":[]},{"id":11976,"url":"https:\/\/historiansjourneys.com\/en\/2023\/04\/24\/sery-owce-i-ksiezycowy-krajobraz-co-warto-zobaczyc-na-wyspie-pag\/","url_meta":{"origin":9980,"position":3},"title":"Sery, owce i ksi\u0119\u017cycowy krajobraz. Co warto zobaczy\u0107 na Wyspie Pag?","author":"Historian's Journeys","date":"April 24, 2023","format":"image","excerpt":"Wyspy maj\u0105 zawsze co\u015b magicznego w sobie. Ka\u017cda z nich prezentuje inny styl \u017cycia, kultur\u0119 i tradycj\u0119 mieszka\u0144c\u00f3w, mimo \u017ce przewa\u017cnie nale\u017c\u0105 one do pewnej narodowo\u015bci. Dzi\u0119ki ograniczonym kontaktom z kontynentem, rozw\u00f3j wysp przebiega\u0142 inaczej dzi\u0119ki czemu odwiedzaj\u0105c takie miejsca uzyskujemy dost\u0119p do czego\u015b wyj\u0105tkowego, niepowtarzalnego. Tak jest w przypadku\u2026","rel":"","context":"In &quot;Chorwacja&quot;","block_context":{"text":"Chorwacja","link":"https:\/\/historiansjourneys.com\/en\/category\/europa\/chorwacja\/"},"img":{"alt_text":"","src":"https:\/\/i0.wp.com\/historiansjourneys.com\/wp-content\/uploads\/2025\/12\/img_0879.jpg?resize=350%2C200&ssl=1","width":350,"height":200,"srcset":"https:\/\/i0.wp.com\/historiansjourneys.com\/wp-content\/uploads\/2025\/12\/img_0879.jpg?resize=350%2C200&ssl=1 1x, https:\/\/i0.wp.com\/historiansjourneys.com\/wp-content\/uploads\/2025\/12\/img_0879.jpg?resize=525%2C300&ssl=1 1.5x, https:\/\/i0.wp.com\/historiansjourneys.com\/wp-content\/uploads\/2025\/12\/img_0879.jpg?resize=700%2C400&ssl=1 2x"},"classes":[]},{"id":13445,"url":"https:\/\/historiansjourneys.com\/en\/2025\/04\/05\/gran-canaria-z-konskiego-grzbietu-trzy-godziny-w-siodle-ktore-zapamietam-na-dlugo\/","url_meta":{"origin":9980,"position":4},"title":"Jazda konna na Gran Canarii \u2013 trzy godziny w siodle, kt\u00f3re zapami\u0119tam na d\u0142ugo","author":"Historian's Journeys","date":"April 5, 2025","format":false,"excerpt":"Jednym z moich ulubionych sposob\u00f3w na poznawanie nowych miejsc \u2013 poza zwiedzaniem i szukaniem \u015blad\u00f3w historii \u2013 jest jazda konna. Gdziekolwiek si\u0119 nie znajd\u0119, je\u015bli tylko mam mo\u017cliwo\u015b\u0107, pr\u00f3buj\u0119 wskoczy\u0107 w siod\u0142o i spojrze\u0107 na okolic\u0119 z perspektywy ko\u0144skiego grzbietu. Tak te\u017c by\u0142o podczas sierpniowych wakacji na Gran Canarii. I\u2026","rel":"","context":"In &quot;Gran Canaria&quot;","block_context":{"text":"Gran Canaria","link":"https:\/\/historiansjourneys.com\/en\/category\/europa\/hiszpania\/gran-canaria\/"},"img":{"alt_text":"","src":"https:\/\/i0.wp.com\/historiansjourneys.com\/wp-content\/uploads\/2025\/12\/img_6169.jpg?resize=350%2C200&ssl=1","width":350,"height":200,"srcset":"https:\/\/i0.wp.com\/historiansjourneys.com\/wp-content\/uploads\/2025\/12\/img_6169.jpg?resize=350%2C200&ssl=1 1x, https:\/\/i0.wp.com\/historiansjourneys.com\/wp-content\/uploads\/2025\/12\/img_6169.jpg?resize=525%2C300&ssl=1 1.5x, https:\/\/i0.wp.com\/historiansjourneys.com\/wp-content\/uploads\/2025\/12\/img_6169.jpg?resize=700%2C400&ssl=1 2x"},"classes":[]},{"id":20539,"url":"https:\/\/historiansjourneys.com\/en\/2025\/12\/20\/egipt-z-konskiego-grzbietu-dlaczego-to-bylo-jedno-z-moich-najmocniejszych-doswiadczen\/","url_meta":{"origin":9980,"position":5},"title":"Egypt from horseback \u2013 why it was one of my most powerful experiences","author":"Historian's Journeys","date":"December 20, 2025","format":false,"excerpt":"Egipt z ko\u0144skiego grzbietu nie by\u0142 spe\u0142nieniem wielkiego marzenia ani wypraw\u0105 planowan\u0105 miesi\u0105cami. To nie by\u0142a kolejna \u201epodr\u00f3\u017c \u017cycia\u201d, kt\u00f3r\u0105 odhaczasz na li\u015bcie. Wr\u0119cz przeciwnie \u2013 ten wyjazd wydarzy\u0142 si\u0119 troch\u0119 obok plan\u00f3w, wbrew logice i kalendarzowi. A mo\u017ce w\u0142a\u015bnie dlatego okaza\u0142 si\u0119 jednym z najmocniejszych do\u015bwiadcze\u0144, jakie kiedykolwiek prze\u017cy\u0142am.\u2026","rel":"","context":"In &quot;Egipt&quot;","block_context":{"text":"Egipt","link":"https:\/\/historiansjourneys.com\/en\/category\/swiat\/egipt\/"},"img":{"alt_text":"","src":"https:\/\/i0.wp.com\/historiansjourneys.com\/wp-content\/uploads\/2025\/12\/IMG_5912.jpg?resize=350%2C200&ssl=1","width":350,"height":200,"srcset":"https:\/\/i0.wp.com\/historiansjourneys.com\/wp-content\/uploads\/2025\/12\/IMG_5912.jpg?resize=350%2C200&ssl=1 1x, https:\/\/i0.wp.com\/historiansjourneys.com\/wp-content\/uploads\/2025\/12\/IMG_5912.jpg?resize=525%2C300&ssl=1 1.5x, https:\/\/i0.wp.com\/historiansjourneys.com\/wp-content\/uploads\/2025\/12\/IMG_5912.jpg?resize=700%2C400&ssl=1 2x, https:\/\/i0.wp.com\/historiansjourneys.com\/wp-content\/uploads\/2025\/12\/IMG_5912.jpg?resize=1050%2C600&ssl=1 3x"},"classes":[]}],"_links":{"self":[{"href":"https:\/\/historiansjourneys.com\/en\/wp-json\/wp\/v2\/posts\/9980","targetHints":{"allow":["GET"]}}],"collection":[{"href":"https:\/\/historiansjourneys.com\/en\/wp-json\/wp\/v2\/posts"}],"about":[{"href":"https:\/\/historiansjourneys.com\/en\/wp-json\/wp\/v2\/types\/post"}],"author":[{"embeddable":true,"href":"https:\/\/historiansjourneys.com\/en\/wp-json\/wp\/v2\/users\/1"}],"replies":[{"embeddable":true,"href":"https:\/\/historiansjourneys.com\/en\/wp-json\/wp\/v2\/comments?post=9980"}],"version-history":[{"count":0,"href":"https:\/\/historiansjourneys.com\/en\/wp-json\/wp\/v2\/posts\/9980\/revisions"}],"wp:attachment":[{"href":"https:\/\/historiansjourneys.com\/en\/wp-json\/wp\/v2\/media?parent=9980"}],"wp:term":[{"taxonomy":"category","embeddable":true,"href":"https:\/\/historiansjourneys.com\/en\/wp-json\/wp\/v2\/categories?post=9980"},{"taxonomy":"post_tag","embeddable":true,"href":"https:\/\/historiansjourneys.com\/en\/wp-json\/wp\/v2\/tags?post=9980"}],"curies":[{"name":"wp","href":"https:\/\/api.w.org\/{rel}","templated":true}]}}