{"id":13445,"date":"2025-04-05T12:06:04","date_gmt":"2025-04-05T10:06:04","guid":{"rendered":"https:\/\/historiansjourneys.com\/?p=13445"},"modified":"2026-01-05T12:53:43","modified_gmt":"2026-01-05T12:53:43","slug":"gran-canaria-z-konskiego-grzbietu-trzy-godziny-w-siodle-ktore-zapamietam-na-dlugo","status":"publish","type":"post","link":"https:\/\/historiansjourneys.com\/en\/2025\/04\/05\/gran-canaria-z-konskiego-grzbietu-trzy-godziny-w-siodle-ktore-zapamietam-na-dlugo\/","title":{"rendered":"Jazda konna na Gran Canarii \u2013 trzy godziny w siodle, kt\u00f3re zapami\u0119tam na d\u0142ugo"},"content":{"rendered":"<p class=\"has-drop-cap has-text-align-justify has-texturina-font-family wp-block-paragraph\">Jednym z moich ulubionych sposob\u00f3w na poznawanie nowych miejsc \u2013 poza zwiedzaniem i szukaniem \u015blad\u00f3w historii \u2013 jest jazda konna. Gdziekolwiek si\u0119 nie znajd\u0119, je\u015bli tylko mam mo\u017cliwo\u015b\u0107, pr\u00f3buj\u0119 wskoczy\u0107 w siod\u0142o i spojrze\u0107 na okolic\u0119 z perspektywy ko\u0144skiego grzbietu. Tak te\u017c by\u0142o podczas sierpniowych wakacji na Gran Canarii. I musz\u0119 przyzna\u0107 \u2013 to by\u0142a jedna z najbardziej niezapomnianych przeja\u017cd\u017cek, jakie mia\u0142am.<\/p>\n\n\n\n<h5 class=\"wp-block-heading\">Mo\u017cesz pom\u00f3c w rozwoju bloga niewielk\u0105 wp\u0142at\u0105 &#8211; symbolicznym kosztem kawy! <\/h5>\n\n\n\n<a href=\"https:\/\/buycoffee.to\/historiansjourneys\" target=\"_blank\"><img decoding=\"async\" src=\"https:\/\/buycoffee.to\/btn\/buycoffeeto-btn-primary.svg\" style=\"width:150px\" alt=\"Postaw mi kaw\u0119 na buycoffee.to\"><\/a>\n\n\n\n<figure class=\"wp-block-image alignfull size-large\"><img decoding=\"async\" src=\"https:\/\/historiansjourneys.com\/wp-content\/uploads\/2025\/12\/img_7045.jpg\" alt=\"Jazda konna na Gran Canaria\" class=\"wp-image-13450\"\/><\/figure>\n\n\n\n<p class=\"has-text-align-justify has-texturina-font-family wp-block-paragraph\">Dzie\u0144 zacz\u0105\u0142 si\u0119 sielankowo \u2013 leniwy poranek i wczesne popo\u0142udnie sp\u0119dzi\u0142am na pla\u017cy, z twarz\u0105 w s\u0142o\u0144cu i stopami w oceanie. By\u0142o gor\u0105co, nawet bardzo \u2013 ale kto by narzeka\u0142, kiedy jest si\u0119 na wyspie pe\u0142nej s\u0142o\u0144ca, kolor\u00f3w i kanaryjskiego luzu?<\/p>\n\n\n\n<figure class=\"wp-block-image alignfull size-large\"><img decoding=\"async\" src=\"https:\/\/historiansjourneys.com\/wp-content\/uploads\/2025\/12\/img_6146.jpg\" alt=\"Jazda konna - Gran Canaria\" class=\"wp-image-13453\"\/><\/figure>\n\n\n\n<figure class=\"wp-block-image alignfull size-large\"><img decoding=\"async\" src=\"https:\/\/historiansjourneys.com\/wp-content\/uploads\/2025\/12\/img_6150.jpg\" alt=\"Jazda konna na Gran Canaria\" class=\"wp-image-13452\"\/><\/figure>\n\n\n\n<figure class=\"wp-block-image alignfull size-large\"><img decoding=\"async\" src=\"https:\/\/historiansjourneys.com\/wp-content\/uploads\/2025\/12\/img_6169.jpg\" alt=\"Naturalne krajobrazy Gran Canarii poza kurortami\" class=\"wp-image-13454\"\/><\/figure>\n\n\n\n<p class=\"has-text-align-justify has-texturina-font-family wp-block-paragraph\">Popo\u0142udniu mia\u0142am zaplanowan\u0105 jazd\u0119 w stadninie&nbsp;<strong><a href=\"https:\/\/elsalobrehr.es\">El Salobre Horse Riding<\/a><\/strong>&nbsp;\u2013 miejscu, kt\u00f3re znalaz\u0142am jeszcze przed wyjazdem i kt\u00f3re od razu przyku\u0142o moj\u0105 uwag\u0119 swoimi widokami i klimatem. Um\u00f3wiony by\u0142 transport, kt\u00f3ry mia\u0142 mnie odebra\u0107 z ustalonego punktu. Tyle \u017ce\u2026 \u0142atwiej powiedzie\u0107 ni\u017c zrobi\u0107. W 35-stopniowym upale, z rozwianymi w\u0142osami i niepewno\u015bci\u0105 w oczach, przez d\u0142u\u017csz\u0105 chwil\u0119 b\u0142\u0105ka\u0142am si\u0119 w okolicy miejsca zbi\u00f3rki. Nie powiem, stres by\u0142 \u2013 szczeg\u00f3lnie gdy czas mija\u0142, a po aucie ani \u015bladu.<\/p>\n\n\n\n<p class=\"has-text-align-justify has-texturina-font-family wp-block-paragraph\">Ale w ko\u0144cu si\u0119 uda\u0142o \u2013 znalaz\u0142am samoch\u00f3d, wsiad\u0142am z ulg\u0105 i ruszy\u0142am ku g\u00f3rzystym pejza\u017com po\u0142udniowej cz\u0119\u015bci wyspy. Na miejscu spotka\u0142a mnie bardzo mi\u0142a niespodzianka \u2013 okaza\u0142o si\u0119, \u017ce stadnin\u0119 prowadz\u0105\u2026 Polki! Od razu zrobi\u0142o si\u0119 jako\u015b cieplej na duszy (bo na ciele by\u0142o wystarczaj\u0105co gor\u0105co \ud83d\ude09).<\/p>\n\n\n\n<p class=\"has-text-align-justify has-texturina-font-family wp-block-paragraph\">Prawdziw\u0105 gwiazd\u0105 tego dnia by\u0142 jednak&nbsp;Kabul&nbsp;\u2013 m\u00f3j ko\u0144. Silny, zr\u00f3wnowa\u017cony i pewny siebie, idealny kompan na trzygodzinn\u0105 wypraw\u0119 przez suche doliny, skaliste zbocza i widoki, kt\u00f3re wygl\u0105da\u0142y jak z filmu przygodowego. Czu\u0142am si\u0119 wolna, skupiona, absolutnie \u201etu i teraz\u201d. Uda\u0142o si\u0119 nawet troch\u0119 pogalopowa\u0107 \u2013 a to zawsze dodaje wyprawie szczeg\u00f3lnej energii i rado\u015bci.<\/p>\n\n\n\n<figure class=\"wp-block-image alignfull size-large is-style-default\"><img decoding=\"async\" src=\"https:\/\/historiansjourneys.com\/wp-content\/uploads\/2025\/12\/img_6201.jpg\" alt=\"Jazda konna na Gran Canarii w g\u00f3rskim krajobrazie\" class=\"wp-image-13459\"\/><figcaption class=\"wp-element-caption\">Troch\u0119 mi si\u0119&nbsp;toczek przechyli\u0142&#8230;<\/figcaption><\/figure>\n\n\n\n<p class=\"has-text-align-justify has-texturina-font-family wp-block-paragraph\">S\u0142o\u0144ce powoli zaczyna\u0142o opada\u0107, krajobraz nabiera\u0142 z\u0142otych ton\u00f3w, a ja, mimo zm\u0119czenia i si\u00f3dmych pot\u00f3w, czu\u0142am si\u0119 po prostu szcz\u0119\u015bliwa. Tego wieczoru zasn\u0119\u0142am szybciej ni\u017c zwykle \u2013 i spa\u0142am jak dziecko. Tylko kto by pomy\u015bla\u0142, \u017ce trzy godziny w siodle mog\u0105 tak da\u0107 w ko\u015b\u0107? \ud83d\ude09<\/p>\n\n\n\n<p class=\"has-text-align-justify has-texturina-font-family wp-block-paragraph\">Jazda konna to dla mnie co\u015b wi\u0119cej ni\u017c hobby \u2013 to spos\u00f3b na kontakt z natur\u0105, na uwa\u017cno\u015b\u0107 i na spojrzenie na \u015bwiat z innej perspektywy. Je\u015bli te\u017c kochacie konie i b\u0119dziecie kiedy\u015b na Gran Canarii, koniecznie zajrzyjcie do&nbsp;El Salobre Horse Riding (tu macie ich <a href=\"https:\/\/www.instagram.com\/elsalobrehr\/\">Instagram<\/a>). To nie tylko dobrze zorganizowana stajnia, ale te\u017c ludzie z pasj\u0105, pi\u0119kne konie i krajobrazy, kt\u00f3re zostaj\u0105 w g\u0142owie na d\u0142ugo po powrocie.<\/p>\n\n\n\n<figure class=\"wp-block-image alignfull size-large\"><img decoding=\"async\" src=\"https:\/\/historiansjourneys.com\/wp-content\/uploads\/2025\/12\/img_6208.jpg\" alt=\"Konna wycieczka po Gran Canarii\" class=\"wp-image-13457\"\/><\/figure>","protected":false},"excerpt":{"rendered":"<p>Jednym z moich ulubionych sposob\u00f3w na poznawanie nowych miejsc \u2013 poza zwiedzaniem i szukaniem \u015blad\u00f3w historii \u2013 jest jazda konna. Gdziekolwiek si\u0119 nie znajd\u0119, je\u015bli tylko mam mo\u017cliwo\u015b\u0107, pr\u00f3buj\u0119 wskoczy\u0107 w siod\u0142o i spojrze\u0107 na &hellip; <\/p>","protected":false},"author":1,"featured_media":19521,"comment_status":"open","ping_status":"open","sticky":false,"template":"","format":"standard","meta":{"_jetpack_memberships_contains_paid_content":false,"footnotes":""},"categories":[63],"tags":[111,180,187,265,315],"class_list":["post-13445","post","type-post","status-publish","format-standard","has-post-thumbnail","hentry","category-gran-canaria","tag-aktywnosc","tag-hiszpania","tag-jazda-konna","tag-photography","tag-travel","has-single-img"],"yoast_head":"<!-- This site is optimized with the Yoast SEO plugin v28.0 - https:\/\/yoast.com\/product\/yoast-seo-wordpress\/ -->\n<title>Jazda konna na Gran Canarii i niezapomniane widoki<\/title>\n<meta name=\"description\" content=\"Jazda konna na Gran Canarii to niezwyk\u0142y spos\u00f3b odkrywania wyspy. Zobacz, jak wygl\u0105da trasa, widoki i czy warto wybra\u0107 si\u0119 w siod\u0142o.\" \/>\n<meta name=\"robots\" content=\"index, follow, max-snippet:-1, max-image-preview:large, max-video-preview:-1\" \/>\n<link rel=\"canonical\" href=\"https:\/\/historiansjourneys.com\/en\/2025\/04\/05\/gran-canaria-z-konskiego-grzbietu-trzy-godziny-w-siodle-ktore-zapamietam-na-dlugo\/\" \/>\n<meta property=\"og:locale\" content=\"en_GB\" \/>\n<meta property=\"og:type\" content=\"article\" \/>\n<meta property=\"og:title\" content=\"Jazda konna na Gran Canarii i niezapomniane widoki\" \/>\n<meta property=\"og:description\" content=\"Jazda konna na Gran Canarii to niezwyk\u0142y spos\u00f3b odkrywania wyspy. Zobacz, jak wygl\u0105da trasa, widoki i czy warto wybra\u0107 si\u0119 w siod\u0142o.\" \/>\n<meta property=\"og:url\" content=\"https:\/\/historiansjourneys.com\/en\/2025\/04\/05\/gran-canaria-z-konskiego-grzbietu-trzy-godziny-w-siodle-ktore-zapamietam-na-dlugo\/\" \/>\n<meta property=\"og:site_name\" content=\"Historian&#039;s Journeys\" \/>\n<meta property=\"article:published_time\" content=\"2025-04-05T10:06:04+00:00\" \/>\n<meta property=\"article:modified_time\" content=\"2026-01-05T12:53:43+00:00\" \/>\n<meta property=\"og:image\" content=\"https:\/\/historiansjourneys.com\/wp-content\/uploads\/2025\/12\/img_6169.jpg\" \/>\n\t<meta property=\"og:image:width\" content=\"768\" \/>\n\t<meta property=\"og:image:height\" content=\"1024\" \/>\n\t<meta property=\"og:image:type\" content=\"image\/jpeg\" \/>\n<meta name=\"author\" content=\"Historian&#039;s Journeys\" \/>\n<meta name=\"twitter:card\" content=\"summary_large_image\" \/>\n<meta name=\"twitter:label1\" content=\"Written by\" \/>\n\t<meta name=\"twitter:data1\" content=\"Historian&#039;s Journeys\" \/>\n\t<meta name=\"twitter:label2\" content=\"Estimated reading time\" \/>\n\t<meta name=\"twitter:data2\" content=\"5 minutes\" \/>\n<script type=\"application\/ld+json\" class=\"yoast-schema-graph\">{\"@context\":\"https:\\\/\\\/schema.org\",\"@graph\":[{\"@type\":\"Article\",\"@id\":\"https:\\\/\\\/historiansjourneys.com\\\/2025\\\/04\\\/05\\\/gran-canaria-z-konskiego-grzbietu-trzy-godziny-w-siodle-ktore-zapamietam-na-dlugo\\\/#article\",\"isPartOf\":{\"@id\":\"https:\\\/\\\/historiansjourneys.com\\\/2025\\\/04\\\/05\\\/gran-canaria-z-konskiego-grzbietu-trzy-godziny-w-siodle-ktore-zapamietam-na-dlugo\\\/\"},\"author\":{\"name\":\"Historian's Journeys\",\"@id\":\"https:\\\/\\\/historiansjourneys.com\\\/#\\\/schema\\\/person\\\/70e8f23bbd014ca67d80a1ebfbe3ec5b\"},\"headline\":\"Jazda konna na Gran Canarii \u2013 trzy godziny w siodle, kt\u00f3re zapami\u0119tam na d\u0142ugo\",\"datePublished\":\"2025-04-05T10:06:04+00:00\",\"dateModified\":\"2026-01-05T12:53:43+00:00\",\"mainEntityOfPage\":{\"@id\":\"https:\\\/\\\/historiansjourneys.com\\\/2025\\\/04\\\/05\\\/gran-canaria-z-konskiego-grzbietu-trzy-godziny-w-siodle-ktore-zapamietam-na-dlugo\\\/\"},\"wordCount\":515,\"commentCount\":0,\"publisher\":{\"@id\":\"https:\\\/\\\/historiansjourneys.com\\\/#\\\/schema\\\/person\\\/70e8f23bbd014ca67d80a1ebfbe3ec5b\"},\"image\":{\"@id\":\"https:\\\/\\\/historiansjourneys.com\\\/2025\\\/04\\\/05\\\/gran-canaria-z-konskiego-grzbietu-trzy-godziny-w-siodle-ktore-zapamietam-na-dlugo\\\/#primaryimage\"},\"thumbnailUrl\":\"https:\\\/\\\/historiansjourneys.com\\\/wp-content\\\/uploads\\\/2025\\\/12\\\/img_6169.jpg\",\"keywords\":[\"Aktywno\u015b\u0107\",\"Hiszpania\",\"Jazda konna\",\"photography\",\"travel\"],\"articleSection\":[\"Gran Canaria\"],\"inLanguage\":\"en-GB\",\"potentialAction\":[{\"@type\":\"CommentAction\",\"name\":\"Comment\",\"target\":[\"https:\\\/\\\/historiansjourneys.com\\\/2025\\\/04\\\/05\\\/gran-canaria-z-konskiego-grzbietu-trzy-godziny-w-siodle-ktore-zapamietam-na-dlugo\\\/#respond\"]}]},{\"@type\":\"WebPage\",\"@id\":\"https:\\\/\\\/historiansjourneys.com\\\/2025\\\/04\\\/05\\\/gran-canaria-z-konskiego-grzbietu-trzy-godziny-w-siodle-ktore-zapamietam-na-dlugo\\\/\",\"url\":\"https:\\\/\\\/historiansjourneys.com\\\/2025\\\/04\\\/05\\\/gran-canaria-z-konskiego-grzbietu-trzy-godziny-w-siodle-ktore-zapamietam-na-dlugo\\\/\",\"name\":\"Jazda konna na Gran Canarii i niezapomniane widoki\",\"isPartOf\":{\"@id\":\"https:\\\/\\\/historiansjourneys.com\\\/#website\"},\"primaryImageOfPage\":{\"@id\":\"https:\\\/\\\/historiansjourneys.com\\\/2025\\\/04\\\/05\\\/gran-canaria-z-konskiego-grzbietu-trzy-godziny-w-siodle-ktore-zapamietam-na-dlugo\\\/#primaryimage\"},\"image\":{\"@id\":\"https:\\\/\\\/historiansjourneys.com\\\/2025\\\/04\\\/05\\\/gran-canaria-z-konskiego-grzbietu-trzy-godziny-w-siodle-ktore-zapamietam-na-dlugo\\\/#primaryimage\"},\"thumbnailUrl\":\"https:\\\/\\\/historiansjourneys.com\\\/wp-content\\\/uploads\\\/2025\\\/12\\\/img_6169.jpg\",\"datePublished\":\"2025-04-05T10:06:04+00:00\",\"dateModified\":\"2026-01-05T12:53:43+00:00\",\"description\":\"Jazda konna na Gran Canarii to niezwyk\u0142y spos\u00f3b odkrywania wyspy. Zobacz, jak wygl\u0105da trasa, widoki i czy warto wybra\u0107 si\u0119 w siod\u0142o.\",\"breadcrumb\":{\"@id\":\"https:\\\/\\\/historiansjourneys.com\\\/2025\\\/04\\\/05\\\/gran-canaria-z-konskiego-grzbietu-trzy-godziny-w-siodle-ktore-zapamietam-na-dlugo\\\/#breadcrumb\"},\"inLanguage\":\"en-GB\",\"potentialAction\":[{\"@type\":\"ReadAction\",\"target\":[\"https:\\\/\\\/historiansjourneys.com\\\/2025\\\/04\\\/05\\\/gran-canaria-z-konskiego-grzbietu-trzy-godziny-w-siodle-ktore-zapamietam-na-dlugo\\\/\"]}]},{\"@type\":\"ImageObject\",\"inLanguage\":\"en-GB\",\"@id\":\"https:\\\/\\\/historiansjourneys.com\\\/2025\\\/04\\\/05\\\/gran-canaria-z-konskiego-grzbietu-trzy-godziny-w-siodle-ktore-zapamietam-na-dlugo\\\/#primaryimage\",\"url\":\"https:\\\/\\\/historiansjourneys.com\\\/wp-content\\\/uploads\\\/2025\\\/12\\\/img_6169.jpg\",\"contentUrl\":\"https:\\\/\\\/historiansjourneys.com\\\/wp-content\\\/uploads\\\/2025\\\/12\\\/img_6169.jpg\",\"width\":768,\"height\":1024},{\"@type\":\"BreadcrumbList\",\"@id\":\"https:\\\/\\\/historiansjourneys.com\\\/2025\\\/04\\\/05\\\/gran-canaria-z-konskiego-grzbietu-trzy-godziny-w-siodle-ktore-zapamietam-na-dlugo\\\/#breadcrumb\",\"itemListElement\":[{\"@type\":\"ListItem\",\"position\":1,\"name\":\"Strona g\u0142\u00f3wna\",\"item\":\"https:\\\/\\\/historiansjourneys.com\\\/\"},{\"@type\":\"ListItem\",\"position\":2,\"name\":\"Jazda konna na Gran Canarii \u2013 trzy godziny w siodle, kt\u00f3re zapami\u0119tam na d\u0142ugo\"}]},{\"@type\":\"WebSite\",\"@id\":\"https:\\\/\\\/historiansjourneys.com\\\/#website\",\"url\":\"https:\\\/\\\/historiansjourneys.com\\\/\",\"name\":\"Historian's Journeys\",\"description\":\"Podr\u00f3\u017ce z nutk\u0105 historii\",\"publisher\":{\"@id\":\"https:\\\/\\\/historiansjourneys.com\\\/#\\\/schema\\\/person\\\/70e8f23bbd014ca67d80a1ebfbe3ec5b\"},\"potentialAction\":[{\"@type\":\"SearchAction\",\"target\":{\"@type\":\"EntryPoint\",\"urlTemplate\":\"https:\\\/\\\/historiansjourneys.com\\\/?s={search_term_string}\"},\"query-input\":{\"@type\":\"PropertyValueSpecification\",\"valueRequired\":true,\"valueName\":\"search_term_string\"}}],\"inLanguage\":\"en-GB\"},{\"@type\":[\"Person\",\"Organization\"],\"@id\":\"https:\\\/\\\/historiansjourneys.com\\\/#\\\/schema\\\/person\\\/70e8f23bbd014ca67d80a1ebfbe3ec5b\",\"name\":\"Historian's Journeys\",\"image\":{\"@type\":\"ImageObject\",\"inLanguage\":\"en-GB\",\"@id\":\"https:\\\/\\\/historiansjourneys.com\\\/wp-content\\\/uploads\\\/2025\\\/12\\\/Aleksandra-Ziober-FlyingDressFrance-05-scaled.jpg\",\"url\":\"https:\\\/\\\/historiansjourneys.com\\\/wp-content\\\/uploads\\\/2025\\\/12\\\/Aleksandra-Ziober-FlyingDressFrance-05-scaled.jpg\",\"contentUrl\":\"https:\\\/\\\/historiansjourneys.com\\\/wp-content\\\/uploads\\\/2025\\\/12\\\/Aleksandra-Ziober-FlyingDressFrance-05-scaled.jpg\",\"width\":1707,\"height\":2560,\"caption\":\"Historian's Journeys\"},\"logo\":{\"@id\":\"https:\\\/\\\/historiansjourneys.com\\\/wp-content\\\/uploads\\\/2025\\\/12\\\/Aleksandra-Ziober-FlyingDressFrance-05-scaled.jpg\"},\"sameAs\":[\"https:\\\/\\\/historiansjourneys.com\"],\"url\":\"https:\\\/\\\/historiansjourneys.com\\\/en\\\/author\\\/admin\\\/\"}]}<\/script>\n<!-- \/ Yoast SEO plugin. -->","yoast_head_json":{"title":"Jazda konna na Gran Canarii i niezapomniane widoki","description":"Jazda konna na Gran Canarii to niezwyk\u0142y spos\u00f3b odkrywania wyspy. Zobacz, jak wygl\u0105da trasa, widoki i czy warto wybra\u0107 si\u0119 w siod\u0142o.","robots":{"index":"index","follow":"follow","max-snippet":"max-snippet:-1","max-image-preview":"max-image-preview:large","max-video-preview":"max-video-preview:-1"},"canonical":"https:\/\/historiansjourneys.com\/en\/2025\/04\/05\/gran-canaria-z-konskiego-grzbietu-trzy-godziny-w-siodle-ktore-zapamietam-na-dlugo\/","og_locale":"en_GB","og_type":"article","og_title":"Jazda konna na Gran Canarii i niezapomniane widoki","og_description":"Jazda konna na Gran Canarii to niezwyk\u0142y spos\u00f3b odkrywania wyspy. Zobacz, jak wygl\u0105da trasa, widoki i czy warto wybra\u0107 si\u0119 w siod\u0142o.","og_url":"https:\/\/historiansjourneys.com\/en\/2025\/04\/05\/gran-canaria-z-konskiego-grzbietu-trzy-godziny-w-siodle-ktore-zapamietam-na-dlugo\/","og_site_name":"Historian&#039;s Journeys","article_published_time":"2025-04-05T10:06:04+00:00","article_modified_time":"2026-01-05T12:53:43+00:00","og_image":[{"width":768,"height":1024,"url":"https:\/\/historiansjourneys.com\/wp-content\/uploads\/2025\/12\/img_6169.jpg","type":"image\/jpeg"}],"author":"Historian's Journeys","twitter_card":"summary_large_image","twitter_misc":{"Written by":"Historian's Journeys","Estimated reading time":"5 minutes"},"schema":{"@context":"https:\/\/schema.org","@graph":[{"@type":"Article","@id":"https:\/\/historiansjourneys.com\/2025\/04\/05\/gran-canaria-z-konskiego-grzbietu-trzy-godziny-w-siodle-ktore-zapamietam-na-dlugo\/#article","isPartOf":{"@id":"https:\/\/historiansjourneys.com\/2025\/04\/05\/gran-canaria-z-konskiego-grzbietu-trzy-godziny-w-siodle-ktore-zapamietam-na-dlugo\/"},"author":{"name":"Historian's Journeys","@id":"https:\/\/historiansjourneys.com\/#\/schema\/person\/70e8f23bbd014ca67d80a1ebfbe3ec5b"},"headline":"Jazda konna na Gran Canarii \u2013 trzy godziny w siodle, kt\u00f3re zapami\u0119tam na d\u0142ugo","datePublished":"2025-04-05T10:06:04+00:00","dateModified":"2026-01-05T12:53:43+00:00","mainEntityOfPage":{"@id":"https:\/\/historiansjourneys.com\/2025\/04\/05\/gran-canaria-z-konskiego-grzbietu-trzy-godziny-w-siodle-ktore-zapamietam-na-dlugo\/"},"wordCount":515,"commentCount":0,"publisher":{"@id":"https:\/\/historiansjourneys.com\/#\/schema\/person\/70e8f23bbd014ca67d80a1ebfbe3ec5b"},"image":{"@id":"https:\/\/historiansjourneys.com\/2025\/04\/05\/gran-canaria-z-konskiego-grzbietu-trzy-godziny-w-siodle-ktore-zapamietam-na-dlugo\/#primaryimage"},"thumbnailUrl":"https:\/\/historiansjourneys.com\/wp-content\/uploads\/2025\/12\/img_6169.jpg","keywords":["Aktywno\u015b\u0107","Hiszpania","Jazda konna","photography","travel"],"articleSection":["Gran Canaria"],"inLanguage":"en-GB","potentialAction":[{"@type":"CommentAction","name":"Comment","target":["https:\/\/historiansjourneys.com\/2025\/04\/05\/gran-canaria-z-konskiego-grzbietu-trzy-godziny-w-siodle-ktore-zapamietam-na-dlugo\/#respond"]}]},{"@type":"WebPage","@id":"https:\/\/historiansjourneys.com\/2025\/04\/05\/gran-canaria-z-konskiego-grzbietu-trzy-godziny-w-siodle-ktore-zapamietam-na-dlugo\/","url":"https:\/\/historiansjourneys.com\/2025\/04\/05\/gran-canaria-z-konskiego-grzbietu-trzy-godziny-w-siodle-ktore-zapamietam-na-dlugo\/","name":"Jazda konna na Gran Canarii i niezapomniane widoki","isPartOf":{"@id":"https:\/\/historiansjourneys.com\/#website"},"primaryImageOfPage":{"@id":"https:\/\/historiansjourneys.com\/2025\/04\/05\/gran-canaria-z-konskiego-grzbietu-trzy-godziny-w-siodle-ktore-zapamietam-na-dlugo\/#primaryimage"},"image":{"@id":"https:\/\/historiansjourneys.com\/2025\/04\/05\/gran-canaria-z-konskiego-grzbietu-trzy-godziny-w-siodle-ktore-zapamietam-na-dlugo\/#primaryimage"},"thumbnailUrl":"https:\/\/historiansjourneys.com\/wp-content\/uploads\/2025\/12\/img_6169.jpg","datePublished":"2025-04-05T10:06:04+00:00","dateModified":"2026-01-05T12:53:43+00:00","description":"Jazda konna na Gran Canarii to niezwyk\u0142y spos\u00f3b odkrywania wyspy. Zobacz, jak wygl\u0105da trasa, widoki i czy warto wybra\u0107 si\u0119 w siod\u0142o.","breadcrumb":{"@id":"https:\/\/historiansjourneys.com\/2025\/04\/05\/gran-canaria-z-konskiego-grzbietu-trzy-godziny-w-siodle-ktore-zapamietam-na-dlugo\/#breadcrumb"},"inLanguage":"en-GB","potentialAction":[{"@type":"ReadAction","target":["https:\/\/historiansjourneys.com\/2025\/04\/05\/gran-canaria-z-konskiego-grzbietu-trzy-godziny-w-siodle-ktore-zapamietam-na-dlugo\/"]}]},{"@type":"ImageObject","inLanguage":"en-GB","@id":"https:\/\/historiansjourneys.com\/2025\/04\/05\/gran-canaria-z-konskiego-grzbietu-trzy-godziny-w-siodle-ktore-zapamietam-na-dlugo\/#primaryimage","url":"https:\/\/historiansjourneys.com\/wp-content\/uploads\/2025\/12\/img_6169.jpg","contentUrl":"https:\/\/historiansjourneys.com\/wp-content\/uploads\/2025\/12\/img_6169.jpg","width":768,"height":1024},{"@type":"BreadcrumbList","@id":"https:\/\/historiansjourneys.com\/2025\/04\/05\/gran-canaria-z-konskiego-grzbietu-trzy-godziny-w-siodle-ktore-zapamietam-na-dlugo\/#breadcrumb","itemListElement":[{"@type":"ListItem","position":1,"name":"Strona g\u0142\u00f3wna","item":"https:\/\/historiansjourneys.com\/"},{"@type":"ListItem","position":2,"name":"Jazda konna na Gran Canarii \u2013 trzy godziny w siodle, kt\u00f3re zapami\u0119tam na d\u0142ugo"}]},{"@type":"WebSite","@id":"https:\/\/historiansjourneys.com\/#website","url":"https:\/\/historiansjourneys.com\/","name":"Historian's Journeys","description":"Journeys with a touch of history","publisher":{"@id":"https:\/\/historiansjourneys.com\/#\/schema\/person\/70e8f23bbd014ca67d80a1ebfbe3ec5b"},"potentialAction":[{"@type":"SearchAction","target":{"@type":"EntryPoint","urlTemplate":"https:\/\/historiansjourneys.com\/?s={search_term_string}"},"query-input":{"@type":"PropertyValueSpecification","valueRequired":true,"valueName":"search_term_string"}}],"inLanguage":"en-GB"},{"@type":["Person","Organization"],"@id":"https:\/\/historiansjourneys.com\/#\/schema\/person\/70e8f23bbd014ca67d80a1ebfbe3ec5b","name":"Historian's Journeys","image":{"@type":"ImageObject","inLanguage":"en-GB","@id":"https:\/\/historiansjourneys.com\/wp-content\/uploads\/2025\/12\/Aleksandra-Ziober-FlyingDressFrance-05-scaled.jpg","url":"https:\/\/historiansjourneys.com\/wp-content\/uploads\/2025\/12\/Aleksandra-Ziober-FlyingDressFrance-05-scaled.jpg","contentUrl":"https:\/\/historiansjourneys.com\/wp-content\/uploads\/2025\/12\/Aleksandra-Ziober-FlyingDressFrance-05-scaled.jpg","width":1707,"height":2560,"caption":"Historian's Journeys"},"logo":{"@id":"https:\/\/historiansjourneys.com\/wp-content\/uploads\/2025\/12\/Aleksandra-Ziober-FlyingDressFrance-05-scaled.jpg"},"sameAs":["https:\/\/historiansjourneys.com"],"url":"https:\/\/historiansjourneys.com\/en\/author\/admin\/"}]}},"jetpack_featured_media_url":"https:\/\/historiansjourneys.com\/wp-content\/uploads\/2025\/12\/img_6169.jpg","jetpack_sharing_enabled":true,"jetpack-related-posts":[{"id":18321,"url":"https:\/\/historiansjourneys.com\/en\/2025\/09\/13\/cwal-na-plazy-w-essaouirze-jazda-konna-w-maroku-wrazenia-i-porady\/","url_meta":{"origin":13445,"position":0},"title":"Cantering on Essaouira beach \u2013 horse riding in Morocco, experiences and advice","author":"Historian's Journeys","date":"September 13, 2025","format":false,"excerpt":"Kiedy my\u015bl\u0119 o Essaouirze w Maroku, przed oczami mam nie tylko w\u0105skie uliczki medyny i zapach przypraw, ale przede wszystkim\u2026 ocean i szerok\u0105 pla\u017c\u0119, na kt\u00f3rej prze\u017cy\u0142am co\u015b absolutnie niezwyk\u0142ego. To w\u0142a\u015bnie tutaj, z grup\u0105\u00a0Essaouira Dreamers, spe\u0142ni\u0142am jedno z moich marze\u0144 \u2013 cwa\u0142 na koniu, bez siod\u0142a i bez uzdy,\u2026","rel":"","context":"In &quot;Maroko&quot;","block_context":{"text":"Maroko","link":"https:\/\/historiansjourneys.com\/en\/category\/swiat\/maroko\/"},"img":{"alt_text":"","src":"https:\/\/i0.wp.com\/historiansjourneys.com\/wp-content\/uploads\/2025\/12\/img_7176-1.jpg?resize=350%2C200&ssl=1","width":350,"height":200,"srcset":"https:\/\/i0.wp.com\/historiansjourneys.com\/wp-content\/uploads\/2025\/12\/img_7176-1.jpg?resize=350%2C200&ssl=1 1x, https:\/\/i0.wp.com\/historiansjourneys.com\/wp-content\/uploads\/2025\/12\/img_7176-1.jpg?resize=525%2C300&ssl=1 1.5x"},"classes":[]},{"id":20539,"url":"https:\/\/historiansjourneys.com\/en\/2025\/12\/20\/egipt-z-konskiego-grzbietu-dlaczego-to-bylo-jedno-z-moich-najmocniejszych-doswiadczen\/","url_meta":{"origin":13445,"position":1},"title":"Egypt from horseback \u2013 why it was one of my most powerful experiences","author":"Historian's Journeys","date":"December 20, 2025","format":false,"excerpt":"Egipt z ko\u0144skiego grzbietu nie by\u0142 spe\u0142nieniem wielkiego marzenia ani wypraw\u0105 planowan\u0105 miesi\u0105cami. To nie by\u0142a kolejna \u201epodr\u00f3\u017c \u017cycia\u201d, kt\u00f3r\u0105 odhaczasz na li\u015bcie. Wr\u0119cz przeciwnie \u2013 ten wyjazd wydarzy\u0142 si\u0119 troch\u0119 obok plan\u00f3w, wbrew logice i kalendarzowi. A mo\u017ce w\u0142a\u015bnie dlatego okaza\u0142 si\u0119 jednym z najmocniejszych do\u015bwiadcze\u0144, jakie kiedykolwiek prze\u017cy\u0142am.\u2026","rel":"","context":"In &quot;Egipt&quot;","block_context":{"text":"Egipt","link":"https:\/\/historiansjourneys.com\/en\/category\/swiat\/egipt\/"},"img":{"alt_text":"","src":"https:\/\/i0.wp.com\/historiansjourneys.com\/wp-content\/uploads\/2025\/12\/IMG_5912.jpg?resize=350%2C200&ssl=1","width":350,"height":200,"srcset":"https:\/\/i0.wp.com\/historiansjourneys.com\/wp-content\/uploads\/2025\/12\/IMG_5912.jpg?resize=350%2C200&ssl=1 1x, https:\/\/i0.wp.com\/historiansjourneys.com\/wp-content\/uploads\/2025\/12\/IMG_5912.jpg?resize=525%2C300&ssl=1 1.5x, https:\/\/i0.wp.com\/historiansjourneys.com\/wp-content\/uploads\/2025\/12\/IMG_5912.jpg?resize=700%2C400&ssl=1 2x, https:\/\/i0.wp.com\/historiansjourneys.com\/wp-content\/uploads\/2025\/12\/IMG_5912.jpg?resize=1050%2C600&ssl=1 3x"},"classes":[]},{"id":13465,"url":"https:\/\/historiansjourneys.com\/en\/2025\/04\/12\/nieoczywiste-czechy-kuneticka-hora\/","url_meta":{"origin":13445,"position":2},"title":"Unexpected Czech Republic: Kun\u011btick\u00e1 Hora","author":"Historian's Journeys","date":"April 12, 2025","format":false,"excerpt":"Wznosz\u0105ca si\u0119 samotnie na r\u00f3wninie, widoczna z wielu kilometr\u00f3w pomi\u0119dzy Pardubicami a Hradec Kr\u00e1lov\u00e9 \u2013 Kun\u011btick\u00e1 Hora nie spos\u00f3b przeoczy\u0107. Niby tylko wzg\u00f3rze z zamkiem, jakich wiele w Europie \u015arodkowej. A jednak jest co\u015b w tym miejscu, co sprawia, \u017ce wraca si\u0119 do niego my\u015blami. Dla jednych to panorama, dla\u2026","rel":"","context":"In &quot;Czechy&quot;","block_context":{"text":"Czechy","link":"https:\/\/historiansjourneys.com\/en\/category\/europa\/czechy\/"},"img":{"alt_text":"","src":"https:\/\/i0.wp.com\/historiansjourneys.com\/wp-content\/uploads\/2025\/12\/img_6204.jpg?resize=350%2C200&ssl=1","width":350,"height":200,"srcset":"https:\/\/i0.wp.com\/historiansjourneys.com\/wp-content\/uploads\/2025\/12\/img_6204.jpg?resize=350%2C200&ssl=1 1x, https:\/\/i0.wp.com\/historiansjourneys.com\/wp-content\/uploads\/2025\/12\/img_6204.jpg?resize=525%2C300&ssl=1 1.5x, https:\/\/i0.wp.com\/historiansjourneys.com\/wp-content\/uploads\/2025\/12\/img_6204.jpg?resize=700%2C400&ssl=1 2x"},"classes":[]},{"id":12570,"url":"https:\/\/historiansjourneys.com\/en\/2025\/05\/04\/augustusburg-w-saksonii-zamek-motocykle-i-historia-poza-szlakiem\/","url_meta":{"origin":13445,"position":3},"title":"Augustusburg in Saxony \u2013 castle, motorcycles and off-the-beaten-track history","author":"Historian's Journeys","date":"May 4, 2025","format":false,"excerpt":"Discover Augustusburg \u2013 Saxony's undiscovered gem with a Renaissance castle, motorcycle museum, and stunning views. The perfect spot for a weekend of history and adventure.","rel":"","context":"In &quot;Augustusnurg&quot;","block_context":{"text":"Augustusnurg","link":"https:\/\/historiansjourneys.com\/en\/category\/europa\/niemcy\/saksonia\/augustusnurg\/"},"img":{"alt_text":"","src":"https:\/\/i0.wp.com\/historiansjourneys.com\/wp-content\/uploads\/2025\/12\/img_4796.jpg?resize=350%2C200&ssl=1","width":350,"height":200,"srcset":"https:\/\/i0.wp.com\/historiansjourneys.com\/wp-content\/uploads\/2025\/12\/img_4796.jpg?resize=350%2C200&ssl=1 1x, https:\/\/i0.wp.com\/historiansjourneys.com\/wp-content\/uploads\/2025\/12\/img_4796.jpg?resize=525%2C300&ssl=1 1.5x, https:\/\/i0.wp.com\/historiansjourneys.com\/wp-content\/uploads\/2025\/12\/img_4796.jpg?resize=700%2C400&ssl=1 2x"},"classes":[]},{"id":11976,"url":"https:\/\/historiansjourneys.com\/en\/2023\/04\/24\/sery-owce-i-ksiezycowy-krajobraz-co-warto-zobaczyc-na-wyspie-pag\/","url_meta":{"origin":13445,"position":4},"title":"Sery, owce i ksi\u0119\u017cycowy krajobraz. Co warto zobaczy\u0107 na Wyspie Pag?","author":"Historian's Journeys","date":"April 24, 2023","format":"image","excerpt":"Wyspy maj\u0105 zawsze co\u015b magicznego w sobie. Ka\u017cda z nich prezentuje inny styl \u017cycia, kultur\u0119 i tradycj\u0119 mieszka\u0144c\u00f3w, mimo \u017ce przewa\u017cnie nale\u017c\u0105 one do pewnej narodowo\u015bci. Dzi\u0119ki ograniczonym kontaktom z kontynentem, rozw\u00f3j wysp przebiega\u0142 inaczej dzi\u0119ki czemu odwiedzaj\u0105c takie miejsca uzyskujemy dost\u0119p do czego\u015b wyj\u0105tkowego, niepowtarzalnego. Tak jest w przypadku\u2026","rel":"","context":"In &quot;Chorwacja&quot;","block_context":{"text":"Chorwacja","link":"https:\/\/historiansjourneys.com\/en\/category\/europa\/chorwacja\/"},"img":{"alt_text":"","src":"https:\/\/i0.wp.com\/historiansjourneys.com\/wp-content\/uploads\/2025\/12\/img_0879.jpg?resize=350%2C200&ssl=1","width":350,"height":200,"srcset":"https:\/\/i0.wp.com\/historiansjourneys.com\/wp-content\/uploads\/2025\/12\/img_0879.jpg?resize=350%2C200&ssl=1 1x, https:\/\/i0.wp.com\/historiansjourneys.com\/wp-content\/uploads\/2025\/12\/img_0879.jpg?resize=525%2C300&ssl=1 1.5x, https:\/\/i0.wp.com\/historiansjourneys.com\/wp-content\/uploads\/2025\/12\/img_0879.jpg?resize=700%2C400&ssl=1 2x"},"classes":[]},{"id":18336,"url":"https:\/\/historiansjourneys.com\/en\/2025\/09\/30\/6-godzin-w-amsterdamie-czy-da-sie-cos-zobaczyc-w-takim-tempie\/","url_meta":{"origin":13445,"position":5},"title":"6 hours in Amsterdam \u2013 is it possible to see anything at this pace?","author":"Historian's Journeys","date":"September 30, 2025","format":false,"excerpt":"Amsterdam \u2013 miasto kana\u0142\u00f3w, rower\u00f3w i sztuki \u2013 od dawna by\u0142o na mojej li\u015bcie marze\u0144. Kiedy rezerwowa\u0142am bilety lotnicze, wracaj\u0105c z konferencji w Pary\u017cu, zobaczy\u0142am mo\u017cliwo\u015b\u0107 zorganizowania sobie kr\u00f3tkiej przesiadki w Niderlandach. Jeden z samolot\u00f3w l\u0105dowa\u0142 przed 14:00 na lotnisku Schiphol, a powr\u00f3t do Polski mia\u0142am o 21:40. Pomy\u015bla\u0142am wtedy:\u00a0to\u2026","rel":"","context":"In &quot;Amsterdam&quot;","block_context":{"text":"Amsterdam","link":"https:\/\/historiansjourneys.com\/en\/category\/europa\/niderlandy\/amsterdam\/"},"img":{"alt_text":"","src":"https:\/\/i0.wp.com\/historiansjourneys.com\/wp-content\/uploads\/2025\/12\/p9283792.jpg?resize=350%2C200&ssl=1","width":350,"height":200,"srcset":"https:\/\/i0.wp.com\/historiansjourneys.com\/wp-content\/uploads\/2025\/12\/p9283792.jpg?resize=350%2C200&ssl=1 1x, https:\/\/i0.wp.com\/historiansjourneys.com\/wp-content\/uploads\/2025\/12\/p9283792.jpg?resize=525%2C300&ssl=1 1.5x"},"classes":[]}],"_links":{"self":[{"href":"https:\/\/historiansjourneys.com\/en\/wp-json\/wp\/v2\/posts\/13445","targetHints":{"allow":["GET"]}}],"collection":[{"href":"https:\/\/historiansjourneys.com\/en\/wp-json\/wp\/v2\/posts"}],"about":[{"href":"https:\/\/historiansjourneys.com\/en\/wp-json\/wp\/v2\/types\/post"}],"author":[{"embeddable":true,"href":"https:\/\/historiansjourneys.com\/en\/wp-json\/wp\/v2\/users\/1"}],"replies":[{"embeddable":true,"href":"https:\/\/historiansjourneys.com\/en\/wp-json\/wp\/v2\/comments?post=13445"}],"version-history":[{"count":7,"href":"https:\/\/historiansjourneys.com\/en\/wp-json\/wp\/v2\/posts\/13445\/revisions"}],"predecessor-version":[{"id":20641,"href":"https:\/\/historiansjourneys.com\/en\/wp-json\/wp\/v2\/posts\/13445\/revisions\/20641"}],"wp:featuredmedia":[{"embeddable":true,"href":"https:\/\/historiansjourneys.com\/en\/wp-json\/wp\/v2\/media\/19521"}],"wp:attachment":[{"href":"https:\/\/historiansjourneys.com\/en\/wp-json\/wp\/v2\/media?parent=13445"}],"wp:term":[{"taxonomy":"category","embeddable":true,"href":"https:\/\/historiansjourneys.com\/en\/wp-json\/wp\/v2\/categories?post=13445"},{"taxonomy":"post_tag","embeddable":true,"href":"https:\/\/historiansjourneys.com\/en\/wp-json\/wp\/v2\/tags?post=13445"}],"curies":[{"name":"wp","href":"https:\/\/api.w.org\/{rel}","templated":true}]}}