{"id":13426,"date":"2025-04-04T19:56:36","date_gmt":"2025-04-04T17:56:36","guid":{"rendered":"https:\/\/historiansjourneys.com\/?p=13426"},"modified":"2025-12-20T11:13:20","modified_gmt":"2025-12-20T11:13:20","slug":"sesja-fotograficzna-w-sercu-watykanu-przyjazn-historia-i-zloty-moment","status":"publish","type":"post","link":"https:\/\/historiansjourneys.com\/en\/2025\/04\/04\/sesja-fotograficzna-w-sercu-watykanu-przyjazn-historia-i-zloty-moment\/","title":{"rendered":"Sesja fotograficzna w sercu Watykanu: przyja\u017a\u0144, historia i z\u0142oty moment"},"content":{"rendered":"<p class=\"has-drop-cap has-text-align-justify wp-block-paragraph\">Watykan w pa\u017adzierniku to osobliwa mieszanka \u015bwiat\u0142a, historii i\u2026 t\u0142um\u00f3w. W\u0142a\u015bnie w takim otoczeniu mia\u0142am przyjemno\u015b\u0107 wykona\u0107 sesj\u0119 zdj\u0119ciow\u0105 mojej przyjaci\u00f3\u0142ce \u2013 historyczce, z kt\u00f3r\u0105 dziel\u0119 nie tylko pasj\u0119 do bada\u0144 nad epok\u0105 nowo\u017cytn\u0105, ale te\u017c zami\u0142owanie do pi\u0119kna.<\/p>\n\n\n\n<figure class=\"wp-block-image alignfull size-large\"><img decoding=\"async\" src=\"https:\/\/historiansjourneys.com\/wp-content\/uploads\/2025\/12\/photo-2025-03-17-10-26-54-4.jpg\" alt=\"\" class=\"wp-image-13437\" \/><\/figure>\n\n\n\n<figure class=\"wp-block-image alignfull size-large\"><img decoding=\"async\" src=\"https:\/\/historiansjourneys.com\/wp-content\/uploads\/2025\/12\/photo-2025-03-17-10-26-54-8.jpg\" alt=\"\" class=\"wp-image-13429\" \/><\/figure>\n\n\n\n<p class=\"has-text-align-justify wp-block-paragraph\">Celem zdj\u0119\u0107 by\u0142 jej projekt naukowy po\u015bwi\u0119cony relacjom mi\u0119dzy Stolic\u0105 Apostolsk\u0105 a Rzeczpospolit\u0105 w epoce nowo\u017cytnej. Potrzebowa\u0142a portretu \u2013 nie tylko profesjonalnego zdj\u0119cia profilowego, ale uj\u0119cia, kt\u00f3re uchwyci klimat miejsca i kontekst jej pracy badawczej. W tle \u2013 monumentalna Bazylika \u015bw. Piotra, rozleg\u0142y plac, architektura, kt\u00f3ra sama w sobie opowiada histori\u0119.<\/p>\n\n\n\n<p class=\"has-text-align-justify wp-block-paragraph\">Wykonanie zdj\u0119\u0107 w takim miejscu to wyzwanie \u2013 nie tylko techniczne, ale i logistyczne. Marzy\u0142 nam si\u0119 tzw. \u201ez\u0142oty moment\u201d, mi\u0119kkie \u015bwiat\u0142o popo\u0142udnia, kt\u00f3re subtelnie podkre\u015bla kontury twarzy i detale architektoniczne. To dlatego spotka\u0142y\u015bmy si\u0119 tu\u017c przed zachodem s\u0142o\u0144ca, mi\u0119dzy godzin\u0105 16 a 17. T\u0142umy by\u0142y nieuniknione, ale dzi\u0119ki cierpliwo\u015bci (i kilku sprytnym trikom) uda\u0142o nam si\u0119 z\u0142apa\u0107 kadry pe\u0142ne spokoju i koncentracji.<\/p>\n\n\n\n<h5 class=\"wp-block-heading\">Mo\u017cesz pom\u00f3c w rozwoju bloga niewielk\u0105 wp\u0142at\u0105 &#8211; symbolicznym kosztem kawy! <\/h5>\n\n\n\n<a href=\"https:\/\/buycoffee.to\/historiansjourneys\" target=\"_blank\"><img decoding=\"async\" src=\"https:\/\/buycoffee.to\/btn\/buycoffeeto-btn-primary.svg\" style=\"width:150px\" alt=\"Postaw mi kaw\u0119 na buycoffee.to\"><\/a>\n\n\n\n<figure class=\"wp-block-image alignfull size-large\"><img decoding=\"async\" src=\"https:\/\/historiansjourneys.com\/wp-content\/uploads\/2025\/12\/photo-2025-03-17-10-26-54-2.jpg\" alt=\"\" class=\"wp-image-13435\" \/><\/figure>\n\n\n\n<figure class=\"wp-block-image alignfull size-large\"><img decoding=\"async\" src=\"https:\/\/historiansjourneys.com\/wp-content\/uploads\/2025\/12\/photo-2025-03-17-10-26-54-6.jpg\" alt=\"\" class=\"wp-image-13434\" \/><\/figure>\n\n\n\n<figure class=\"wp-block-image alignfull size-large\"><img decoding=\"async\" src=\"https:\/\/historiansjourneys.com\/wp-content\/uploads\/2025\/12\/photo-2025-03-17-10-26-54-7.jpg\" alt=\"\" class=\"wp-image-13433\" \/><\/figure>\n\n\n\n<figure class=\"wp-block-image alignfull size-large\"><img decoding=\"async\" src=\"https:\/\/historiansjourneys.com\/wp-content\/uploads\/2025\/12\/photo-2025-03-17-10-26-54-5.jpg\" alt=\"\" class=\"wp-image-13436\" \/><\/figure>\n\n\n\n<p class=\"has-text-align-justify wp-block-paragraph\">Od lat uwielbiam fotografowa\u0107 \u2013 to dla mnie nie tylko spos\u00f3b na zatrzymanie chwili, ale te\u017c forma opowie\u015bci. Podobnie jak rysunek, fotografia pozwala mi \u0142\u0105czy\u0107 moje fascynacje sztuk\u0105 i architektur\u0105 z potrzeb\u0105 tworzenia. A kiedy obiektywem mog\u0119 uchwyci\u0107 osob\u0119, kt\u00f3ra \u2013 tak jak ja \u2013 \u017cyje histori\u0105 i badaniami nad przesz\u0142o\u015bci\u0105, fotografia zyskuje dodatkow\u0105 warstw\u0119 znaczenia.<\/p>\n\n\n\n<p class=\"has-text-align-justify wp-block-paragraph\">Je\u015bli interesujesz si\u0119 fotografi\u0105 lub marzysz o w\u0142asnej sesji w wyj\u0105tkowym miejscu \u2013 odezwij si\u0119 do mnie. Z przyjemno\u015bci\u0105 opowiem wi\u0119cej i pomog\u0119 stworzy\u0107 co\u015b pi\u0119knego.<\/p>\n\n\n\n<figure class=\"wp-block-image alignfull size-large\"><img decoding=\"async\" src=\"https:\/\/historiansjourneys.com\/wp-content\/uploads\/2025\/12\/photo-2025-03-17-10-26-54-3-2.jpg\" alt=\"\" class=\"wp-image-13440\" \/><\/figure>","protected":false},"excerpt":{"rendered":"<p>Watykan w pa\u017adzierniku to osobliwa mieszanka \u015bwiat\u0142a, historii i\u2026 t\u0142um\u00f3w. W\u0142a\u015bnie w takim otoczeniu mia\u0142am przyjemno\u015b\u0107 wykona\u0107 sesj\u0119 zdj\u0119ciow\u0105 mojej przyjaci\u00f3\u0142ce \u2013 historyczce, z kt\u00f3r\u0105 dziel\u0119 nie tylko pasj\u0119 do bada\u0144 nad epok\u0105 nowo\u017cytn\u0105, ale &hellip; <\/p>","protected":false},"author":1,"featured_media":13440,"comment_status":"open","ping_status":"open","sticky":false,"template":"","format":"standard","meta":{"_jetpack_memberships_contains_paid_content":false,"footnotes":""},"categories":[4,95,36],"tags":[297],"class_list":["post-13426","post","type-post","status-publish","format-standard","has-post-thumbnail","hentry","category-europa","category-watykan","category-wlochy","tag-sesia-zdjeciowa","has-single-img"],"yoast_head":"<!-- This site is optimized with the Yoast SEO plugin v28.0 - https:\/\/yoast.com\/product\/yoast-seo-wordpress\/ -->\n<title>Sesja fotograficzna w sercu Watykanu: przyja\u017a\u0144, historia i z\u0142oty moment - Historian&#039;s Journeys<\/title>\n<meta name=\"robots\" content=\"index, follow, max-snippet:-1, max-image-preview:large, max-video-preview:-1\" \/>\n<link rel=\"canonical\" href=\"https:\/\/historiansjourneys.com\/en\/2025\/04\/04\/sesja-fotograficzna-w-sercu-watykanu-przyjazn-historia-i-zloty-moment\/\" \/>\n<meta property=\"og:locale\" content=\"en_GB\" \/>\n<meta property=\"og:type\" content=\"article\" \/>\n<meta property=\"og:title\" content=\"Sesja fotograficzna w sercu Watykanu: przyja\u017a\u0144, historia i z\u0142oty moment - Historian&#039;s Journeys\" \/>\n<meta property=\"og:description\" content=\"Watykan w pa\u017adzierniku to osobliwa mieszanka \u015bwiat\u0142a, historii i\u2026 t\u0142um\u00f3w. W\u0142a\u015bnie w takim otoczeniu mia\u0142am przyjemno\u015b\u0107 wykona\u0107 sesj\u0119 zdj\u0119ciow\u0105 mojej przyjaci\u00f3\u0142ce \u2013 historyczce, z kt\u00f3r\u0105 dziel\u0119 nie tylko pasj\u0119 do bada\u0144 nad epok\u0105 nowo\u017cytn\u0105, ale &hellip;\" \/>\n<meta property=\"og:url\" content=\"https:\/\/historiansjourneys.com\/en\/2025\/04\/04\/sesja-fotograficzna-w-sercu-watykanu-przyjazn-historia-i-zloty-moment\/\" \/>\n<meta property=\"og:site_name\" content=\"Historian&#039;s Journeys\" \/>\n<meta property=\"article:published_time\" content=\"2025-04-04T17:56:36+00:00\" \/>\n<meta property=\"article:modified_time\" content=\"2025-12-20T11:13:20+00:00\" \/>\n<meta name=\"author\" content=\"Historian&#039;s Journeys\" \/>\n<meta name=\"twitter:card\" content=\"summary_large_image\" \/>\n<meta name=\"twitter:label1\" content=\"Written by\" \/>\n\t<meta name=\"twitter:data1\" content=\"Historian&#039;s Journeys\" \/>\n\t<meta name=\"twitter:label2\" content=\"Estimated reading time\" \/>\n\t<meta name=\"twitter:data2\" content=\"1 minute\" \/>\n<script type=\"application\/ld+json\" class=\"yoast-schema-graph\">{\"@context\":\"https:\\\/\\\/schema.org\",\"@graph\":[{\"@type\":\"Article\",\"@id\":\"https:\\\/\\\/historiansjourneys.com\\\/2025\\\/04\\\/04\\\/sesja-fotograficzna-w-sercu-watykanu-przyjazn-historia-i-zloty-moment\\\/#article\",\"isPartOf\":{\"@id\":\"https:\\\/\\\/historiansjourneys.com\\\/2025\\\/04\\\/04\\\/sesja-fotograficzna-w-sercu-watykanu-przyjazn-historia-i-zloty-moment\\\/\"},\"author\":{\"name\":\"Historian's Journeys\",\"@id\":\"https:\\\/\\\/historiansjourneys.com\\\/#\\\/schema\\\/person\\\/70e8f23bbd014ca67d80a1ebfbe3ec5b\"},\"headline\":\"Sesja fotograficzna w sercu Watykanu: przyja\u017a\u0144, historia i z\u0142oty moment\",\"datePublished\":\"2025-04-04T17:56:36+00:00\",\"dateModified\":\"2025-12-20T11:13:20+00:00\",\"mainEntityOfPage\":{\"@id\":\"https:\\\/\\\/historiansjourneys.com\\\/2025\\\/04\\\/04\\\/sesja-fotograficzna-w-sercu-watykanu-przyjazn-historia-i-zloty-moment\\\/\"},\"wordCount\":302,\"commentCount\":0,\"publisher\":{\"@id\":\"https:\\\/\\\/historiansjourneys.com\\\/#\\\/schema\\\/person\\\/70e8f23bbd014ca67d80a1ebfbe3ec5b\"},\"image\":{\"@id\":\"https:\\\/\\\/historiansjourneys.com\\\/2025\\\/04\\\/04\\\/sesja-fotograficzna-w-sercu-watykanu-przyjazn-historia-i-zloty-moment\\\/#primaryimage\"},\"thumbnailUrl\":\"\",\"keywords\":[\"Sesia zdj\u0119ciowa\"],\"articleSection\":[\"Europa\",\"Watykan\",\"W\u0142ochy\"],\"inLanguage\":\"en-GB\",\"potentialAction\":[{\"@type\":\"CommentAction\",\"name\":\"Comment\",\"target\":[\"https:\\\/\\\/historiansjourneys.com\\\/2025\\\/04\\\/04\\\/sesja-fotograficzna-w-sercu-watykanu-przyjazn-historia-i-zloty-moment\\\/#respond\"]}]},{\"@type\":\"WebPage\",\"@id\":\"https:\\\/\\\/historiansjourneys.com\\\/2025\\\/04\\\/04\\\/sesja-fotograficzna-w-sercu-watykanu-przyjazn-historia-i-zloty-moment\\\/\",\"url\":\"https:\\\/\\\/historiansjourneys.com\\\/2025\\\/04\\\/04\\\/sesja-fotograficzna-w-sercu-watykanu-przyjazn-historia-i-zloty-moment\\\/\",\"name\":\"Sesja fotograficzna w sercu Watykanu: przyja\u017a\u0144, historia i z\u0142oty moment - Historian&#039;s Journeys\",\"isPartOf\":{\"@id\":\"https:\\\/\\\/historiansjourneys.com\\\/#website\"},\"primaryImageOfPage\":{\"@id\":\"https:\\\/\\\/historiansjourneys.com\\\/2025\\\/04\\\/04\\\/sesja-fotograficzna-w-sercu-watykanu-przyjazn-historia-i-zloty-moment\\\/#primaryimage\"},\"image\":{\"@id\":\"https:\\\/\\\/historiansjourneys.com\\\/2025\\\/04\\\/04\\\/sesja-fotograficzna-w-sercu-watykanu-przyjazn-historia-i-zloty-moment\\\/#primaryimage\"},\"thumbnailUrl\":\"\",\"datePublished\":\"2025-04-04T17:56:36+00:00\",\"dateModified\":\"2025-12-20T11:13:20+00:00\",\"breadcrumb\":{\"@id\":\"https:\\\/\\\/historiansjourneys.com\\\/2025\\\/04\\\/04\\\/sesja-fotograficzna-w-sercu-watykanu-przyjazn-historia-i-zloty-moment\\\/#breadcrumb\"},\"inLanguage\":\"en-GB\",\"potentialAction\":[{\"@type\":\"ReadAction\",\"target\":[\"https:\\\/\\\/historiansjourneys.com\\\/2025\\\/04\\\/04\\\/sesja-fotograficzna-w-sercu-watykanu-przyjazn-historia-i-zloty-moment\\\/\"]}]},{\"@type\":\"ImageObject\",\"inLanguage\":\"en-GB\",\"@id\":\"https:\\\/\\\/historiansjourneys.com\\\/2025\\\/04\\\/04\\\/sesja-fotograficzna-w-sercu-watykanu-przyjazn-historia-i-zloty-moment\\\/#primaryimage\",\"url\":\"\",\"contentUrl\":\"\"},{\"@type\":\"BreadcrumbList\",\"@id\":\"https:\\\/\\\/historiansjourneys.com\\\/2025\\\/04\\\/04\\\/sesja-fotograficzna-w-sercu-watykanu-przyjazn-historia-i-zloty-moment\\\/#breadcrumb\",\"itemListElement\":[{\"@type\":\"ListItem\",\"position\":1,\"name\":\"Strona g\u0142\u00f3wna\",\"item\":\"https:\\\/\\\/historiansjourneys.com\\\/\"},{\"@type\":\"ListItem\",\"position\":2,\"name\":\"Sesja fotograficzna w sercu Watykanu: przyja\u017a\u0144, historia i z\u0142oty moment\"}]},{\"@type\":\"WebSite\",\"@id\":\"https:\\\/\\\/historiansjourneys.com\\\/#website\",\"url\":\"https:\\\/\\\/historiansjourneys.com\\\/\",\"name\":\"Historian's Journeys\",\"description\":\"Podr\u00f3\u017ce z nutk\u0105 historii\",\"publisher\":{\"@id\":\"https:\\\/\\\/historiansjourneys.com\\\/#\\\/schema\\\/person\\\/70e8f23bbd014ca67d80a1ebfbe3ec5b\"},\"potentialAction\":[{\"@type\":\"SearchAction\",\"target\":{\"@type\":\"EntryPoint\",\"urlTemplate\":\"https:\\\/\\\/historiansjourneys.com\\\/?s={search_term_string}\"},\"query-input\":{\"@type\":\"PropertyValueSpecification\",\"valueRequired\":true,\"valueName\":\"search_term_string\"}}],\"inLanguage\":\"en-GB\"},{\"@type\":[\"Person\",\"Organization\"],\"@id\":\"https:\\\/\\\/historiansjourneys.com\\\/#\\\/schema\\\/person\\\/70e8f23bbd014ca67d80a1ebfbe3ec5b\",\"name\":\"Historian's Journeys\",\"image\":{\"@type\":\"ImageObject\",\"inLanguage\":\"en-GB\",\"@id\":\"https:\\\/\\\/historiansjourneys.com\\\/wp-content\\\/uploads\\\/2025\\\/12\\\/Aleksandra-Ziober-FlyingDressFrance-05-scaled.jpg\",\"url\":\"https:\\\/\\\/historiansjourneys.com\\\/wp-content\\\/uploads\\\/2025\\\/12\\\/Aleksandra-Ziober-FlyingDressFrance-05-scaled.jpg\",\"contentUrl\":\"https:\\\/\\\/historiansjourneys.com\\\/wp-content\\\/uploads\\\/2025\\\/12\\\/Aleksandra-Ziober-FlyingDressFrance-05-scaled.jpg\",\"width\":1707,\"height\":2560,\"caption\":\"Historian's Journeys\"},\"logo\":{\"@id\":\"https:\\\/\\\/historiansjourneys.com\\\/wp-content\\\/uploads\\\/2025\\\/12\\\/Aleksandra-Ziober-FlyingDressFrance-05-scaled.jpg\"},\"sameAs\":[\"https:\\\/\\\/historiansjourneys.com\"],\"url\":\"https:\\\/\\\/historiansjourneys.com\\\/en\\\/author\\\/admin\\\/\"}]}<\/script>\n<!-- \/ Yoast SEO plugin. -->","yoast_head_json":{"title":"Sesja fotograficzna w sercu Watykanu: przyja\u017a\u0144, historia i z\u0142oty moment - Historian&#039;s Journeys","robots":{"index":"index","follow":"follow","max-snippet":"max-snippet:-1","max-image-preview":"max-image-preview:large","max-video-preview":"max-video-preview:-1"},"canonical":"https:\/\/historiansjourneys.com\/en\/2025\/04\/04\/sesja-fotograficzna-w-sercu-watykanu-przyjazn-historia-i-zloty-moment\/","og_locale":"en_GB","og_type":"article","og_title":"Sesja fotograficzna w sercu Watykanu: przyja\u017a\u0144, historia i z\u0142oty moment - Historian&#039;s Journeys","og_description":"Watykan w pa\u017adzierniku to osobliwa mieszanka \u015bwiat\u0142a, historii i\u2026 t\u0142um\u00f3w. W\u0142a\u015bnie w takim otoczeniu mia\u0142am przyjemno\u015b\u0107 wykona\u0107 sesj\u0119 zdj\u0119ciow\u0105 mojej przyjaci\u00f3\u0142ce \u2013 historyczce, z kt\u00f3r\u0105 dziel\u0119 nie tylko pasj\u0119 do bada\u0144 nad epok\u0105 nowo\u017cytn\u0105, ale &hellip;","og_url":"https:\/\/historiansjourneys.com\/en\/2025\/04\/04\/sesja-fotograficzna-w-sercu-watykanu-przyjazn-historia-i-zloty-moment\/","og_site_name":"Historian&#039;s Journeys","article_published_time":"2025-04-04T17:56:36+00:00","article_modified_time":"2025-12-20T11:13:20+00:00","author":"Historian's Journeys","twitter_card":"summary_large_image","twitter_misc":{"Written by":"Historian's Journeys","Estimated reading time":"1 minute"},"schema":{"@context":"https:\/\/schema.org","@graph":[{"@type":"Article","@id":"https:\/\/historiansjourneys.com\/2025\/04\/04\/sesja-fotograficzna-w-sercu-watykanu-przyjazn-historia-i-zloty-moment\/#article","isPartOf":{"@id":"https:\/\/historiansjourneys.com\/2025\/04\/04\/sesja-fotograficzna-w-sercu-watykanu-przyjazn-historia-i-zloty-moment\/"},"author":{"name":"Historian's Journeys","@id":"https:\/\/historiansjourneys.com\/#\/schema\/person\/70e8f23bbd014ca67d80a1ebfbe3ec5b"},"headline":"Sesja fotograficzna w sercu Watykanu: przyja\u017a\u0144, historia i z\u0142oty moment","datePublished":"2025-04-04T17:56:36+00:00","dateModified":"2025-12-20T11:13:20+00:00","mainEntityOfPage":{"@id":"https:\/\/historiansjourneys.com\/2025\/04\/04\/sesja-fotograficzna-w-sercu-watykanu-przyjazn-historia-i-zloty-moment\/"},"wordCount":302,"commentCount":0,"publisher":{"@id":"https:\/\/historiansjourneys.com\/#\/schema\/person\/70e8f23bbd014ca67d80a1ebfbe3ec5b"},"image":{"@id":"https:\/\/historiansjourneys.com\/2025\/04\/04\/sesja-fotograficzna-w-sercu-watykanu-przyjazn-historia-i-zloty-moment\/#primaryimage"},"thumbnailUrl":"","keywords":["Sesia zdj\u0119ciowa"],"articleSection":["Europa","Watykan","W\u0142ochy"],"inLanguage":"en-GB","potentialAction":[{"@type":"CommentAction","name":"Comment","target":["https:\/\/historiansjourneys.com\/2025\/04\/04\/sesja-fotograficzna-w-sercu-watykanu-przyjazn-historia-i-zloty-moment\/#respond"]}]},{"@type":"WebPage","@id":"https:\/\/historiansjourneys.com\/2025\/04\/04\/sesja-fotograficzna-w-sercu-watykanu-przyjazn-historia-i-zloty-moment\/","url":"https:\/\/historiansjourneys.com\/2025\/04\/04\/sesja-fotograficzna-w-sercu-watykanu-przyjazn-historia-i-zloty-moment\/","name":"Sesja fotograficzna w sercu Watykanu: przyja\u017a\u0144, historia i z\u0142oty moment - Historian&#039;s Journeys","isPartOf":{"@id":"https:\/\/historiansjourneys.com\/#website"},"primaryImageOfPage":{"@id":"https:\/\/historiansjourneys.com\/2025\/04\/04\/sesja-fotograficzna-w-sercu-watykanu-przyjazn-historia-i-zloty-moment\/#primaryimage"},"image":{"@id":"https:\/\/historiansjourneys.com\/2025\/04\/04\/sesja-fotograficzna-w-sercu-watykanu-przyjazn-historia-i-zloty-moment\/#primaryimage"},"thumbnailUrl":"","datePublished":"2025-04-04T17:56:36+00:00","dateModified":"2025-12-20T11:13:20+00:00","breadcrumb":{"@id":"https:\/\/historiansjourneys.com\/2025\/04\/04\/sesja-fotograficzna-w-sercu-watykanu-przyjazn-historia-i-zloty-moment\/#breadcrumb"},"inLanguage":"en-GB","potentialAction":[{"@type":"ReadAction","target":["https:\/\/historiansjourneys.com\/2025\/04\/04\/sesja-fotograficzna-w-sercu-watykanu-przyjazn-historia-i-zloty-moment\/"]}]},{"@type":"ImageObject","inLanguage":"en-GB","@id":"https:\/\/historiansjourneys.com\/2025\/04\/04\/sesja-fotograficzna-w-sercu-watykanu-przyjazn-historia-i-zloty-moment\/#primaryimage","url":"","contentUrl":""},{"@type":"BreadcrumbList","@id":"https:\/\/historiansjourneys.com\/2025\/04\/04\/sesja-fotograficzna-w-sercu-watykanu-przyjazn-historia-i-zloty-moment\/#breadcrumb","itemListElement":[{"@type":"ListItem","position":1,"name":"Strona g\u0142\u00f3wna","item":"https:\/\/historiansjourneys.com\/"},{"@type":"ListItem","position":2,"name":"Sesja fotograficzna w sercu Watykanu: przyja\u017a\u0144, historia i z\u0142oty moment"}]},{"@type":"WebSite","@id":"https:\/\/historiansjourneys.com\/#website","url":"https:\/\/historiansjourneys.com\/","name":"Historian's Journeys","description":"Journeys with a touch of history","publisher":{"@id":"https:\/\/historiansjourneys.com\/#\/schema\/person\/70e8f23bbd014ca67d80a1ebfbe3ec5b"},"potentialAction":[{"@type":"SearchAction","target":{"@type":"EntryPoint","urlTemplate":"https:\/\/historiansjourneys.com\/?s={search_term_string}"},"query-input":{"@type":"PropertyValueSpecification","valueRequired":true,"valueName":"search_term_string"}}],"inLanguage":"en-GB"},{"@type":["Person","Organization"],"@id":"https:\/\/historiansjourneys.com\/#\/schema\/person\/70e8f23bbd014ca67d80a1ebfbe3ec5b","name":"Historian's Journeys","image":{"@type":"ImageObject","inLanguage":"en-GB","@id":"https:\/\/historiansjourneys.com\/wp-content\/uploads\/2025\/12\/Aleksandra-Ziober-FlyingDressFrance-05-scaled.jpg","url":"https:\/\/historiansjourneys.com\/wp-content\/uploads\/2025\/12\/Aleksandra-Ziober-FlyingDressFrance-05-scaled.jpg","contentUrl":"https:\/\/historiansjourneys.com\/wp-content\/uploads\/2025\/12\/Aleksandra-Ziober-FlyingDressFrance-05-scaled.jpg","width":1707,"height":2560,"caption":"Historian's Journeys"},"logo":{"@id":"https:\/\/historiansjourneys.com\/wp-content\/uploads\/2025\/12\/Aleksandra-Ziober-FlyingDressFrance-05-scaled.jpg"},"sameAs":["https:\/\/historiansjourneys.com"],"url":"https:\/\/historiansjourneys.com\/en\/author\/admin\/"}]}},"jetpack_featured_media_url":"","jetpack_sharing_enabled":true,"jetpack-related-posts":[{"id":20655,"url":"https:\/\/historiansjourneys.com\/en\/2026\/01\/05\/flying-dress-w-paryzu\/","url_meta":{"origin":13426,"position":0},"title":"Flying Dress photoshoot in Paris \u2013 a fairytale session at the Louvre | My experience","author":"Historian's Journeys","date":"January 5, 2026","format":false,"excerpt":"Pary\u017c potrafi by\u0107 oczywisty. Wie\u017ca Eiffla, croissanty, spacery nad Sekwan\u0105 \u2013 pi\u0119kne, ale powtarzalne. Dlatego kiedy pojawi\u0142a si\u0119 mo\u017cliwo\u015b\u0107 udzia\u0142u w sesji\u00a0Flying Dress w Pary\u017cu, od pocz\u0105tku wiedzia\u0142am jedno:\u00a0nie chc\u0119 zdj\u0119\u0107 pod wie\u017c\u0105 Eiffla. Jako historyczka i podr\u00f3\u017cniczka szuka\u0142am miejsca, kt\u00f3re po\u0142\u0105czy estetyk\u0119, histori\u0119 i emocje. Wyb\u00f3r m\u00f3g\u0142 by\u0107 tylko\u2026","rel":"","context":"In &quot;Europa&quot;","block_context":{"text":"Europa","link":"https:\/\/historiansjourneys.com\/en\/category\/europa\/"},"img":{"alt_text":"","src":"https:\/\/i0.wp.com\/historiansjourneys.com\/wp-content\/uploads\/2026\/01\/Aleksandra-Ziober-FlyingDressFrance-06.jpg?resize=350%2C200&ssl=1","width":350,"height":200,"srcset":"https:\/\/i0.wp.com\/historiansjourneys.com\/wp-content\/uploads\/2026\/01\/Aleksandra-Ziober-FlyingDressFrance-06.jpg?resize=350%2C200&ssl=1 1x, https:\/\/i0.wp.com\/historiansjourneys.com\/wp-content\/uploads\/2026\/01\/Aleksandra-Ziober-FlyingDressFrance-06.jpg?resize=525%2C300&ssl=1 1.5x, https:\/\/i0.wp.com\/historiansjourneys.com\/wp-content\/uploads\/2026\/01\/Aleksandra-Ziober-FlyingDressFrance-06.jpg?resize=700%2C400&ssl=1 2x, https:\/\/i0.wp.com\/historiansjourneys.com\/wp-content\/uploads\/2026\/01\/Aleksandra-Ziober-FlyingDressFrance-06.jpg?resize=1050%2C600&ssl=1 3x"},"classes":[]},{"id":18321,"url":"https:\/\/historiansjourneys.com\/en\/2025\/09\/13\/cwal-na-plazy-w-essaouirze-jazda-konna-w-maroku-wrazenia-i-porady\/","url_meta":{"origin":13426,"position":1},"title":"Cantering on Essaouira beach \u2013 horse riding in Morocco, experiences and advice","author":"Historian's Journeys","date":"September 13, 2025","format":false,"excerpt":"Kiedy my\u015bl\u0119 o Essaouirze w Maroku, przed oczami mam nie tylko w\u0105skie uliczki medyny i zapach przypraw, ale przede wszystkim\u2026 ocean i szerok\u0105 pla\u017c\u0119, na kt\u00f3rej prze\u017cy\u0142am co\u015b absolutnie niezwyk\u0142ego. To w\u0142a\u015bnie tutaj, z grup\u0105\u00a0Essaouira Dreamers, spe\u0142ni\u0142am jedno z moich marze\u0144 \u2013 cwa\u0142 na koniu, bez siod\u0142a i bez uzdy,\u2026","rel":"","context":"In &quot;Maroko&quot;","block_context":{"text":"Maroko","link":"https:\/\/historiansjourneys.com\/en\/category\/swiat\/maroko\/"},"img":{"alt_text":"","src":"https:\/\/i0.wp.com\/historiansjourneys.com\/wp-content\/uploads\/2025\/12\/img_7176-1.jpg?resize=350%2C200&ssl=1","width":350,"height":200,"srcset":"https:\/\/i0.wp.com\/historiansjourneys.com\/wp-content\/uploads\/2025\/12\/img_7176-1.jpg?resize=350%2C200&ssl=1 1x, https:\/\/i0.wp.com\/historiansjourneys.com\/wp-content\/uploads\/2025\/12\/img_7176-1.jpg?resize=525%2C300&ssl=1 1.5x"},"classes":[]},{"id":13523,"url":"https:\/\/historiansjourneys.com\/en\/2025\/04\/25\/katedra-w-mediolanie-gotycki-cud-i-must-see-w-lombardii\/","url_meta":{"origin":13426,"position":2},"title":"Milan Cathedral \u2013 Gothic wonder and a must-see in Lombardy","author":"Historian's Journeys","date":"April 25, 2025","format":false,"excerpt":"The Milan Cathedral is one of the greatest Gothic wonders of Europe. The cathedral in Milan impresses not only with its scale but also with its history. How to visit it? What is worth knowing? Check out this guide!","rel":"","context":"In &quot;Mediolan&quot;","block_context":{"text":"Mediolan","link":"https:\/\/historiansjourneys.com\/en\/category\/europa\/wlochy\/mediolan\/"},"img":{"alt_text":"","src":"https:\/\/i0.wp.com\/historiansjourneys.com\/wp-content\/uploads\/2025\/12\/img_8005-1.jpg?resize=350%2C200&ssl=1","width":350,"height":200,"srcset":"https:\/\/i0.wp.com\/historiansjourneys.com\/wp-content\/uploads\/2025\/12\/img_8005-1.jpg?resize=350%2C200&ssl=1 1x, https:\/\/i0.wp.com\/historiansjourneys.com\/wp-content\/uploads\/2025\/12\/img_8005-1.jpg?resize=525%2C300&ssl=1 1.5x, https:\/\/i0.wp.com\/historiansjourneys.com\/wp-content\/uploads\/2025\/12\/img_8005-1.jpg?resize=700%2C400&ssl=1 2x"},"classes":[]},{"id":8461,"url":"https:\/\/historiansjourneys.com\/en\/2021\/12\/20\/palac-w-sarnach-na-dolnym-slasku-mala-milosc-od-pierwszego-wejrzenia\/","url_meta":{"origin":13426,"position":3},"title":"Zamek w Sarnach na Dolnym \u015al\u0105sku &#8211; ma\u0142a mi\u0142o\u015b\u0107 od pierwszego wejrzenia","author":"Historian's Journeys","date":"December 20, 2021","format":"image","excerpt":"Dok\u0142adne zwiedzanie Dolnego \u015al\u0105ska rozpocz\u0119\u0142am ju\u017c\u00a0kilka lat temu, ale co krok odkrywam coraz wi\u0119ksze skarby. Jednym z nich jest Pa\u0142ac w Sarnach, kt\u00f3ry szczeg\u00f3lnie zapad\u0142 w mojej pami\u0119ci. Dlaczego? Ci\u0119\u017cko odpowiedzie\u0107 na to pytanie. Mo\u017ce urzek\u0142a mnie pyszna kawa i ciasto w tutejszej restauracji, u\u015bmiechni\u0119ta Pani za lad\u0105, spory kompleks\u2026","rel":"","context":"In &quot;Dolno\u015bl\u0105skie&quot;","block_context":{"text":"Dolno\u015bl\u0105skie","link":"https:\/\/historiansjourneys.com\/en\/category\/polska\/dolnoslaskie\/"},"img":{"alt_text":"","src":"","width":0,"height":0},"classes":[]},{"id":6435,"url":"https:\/\/historiansjourneys.com\/en\/2022\/04\/15\/swiatynia-wang-w-karpaczu\/","url_meta":{"origin":13426,"position":4},"title":"Dlaczego Ko\u015bci\u00f3\u0142 Wang to Must-See w Karpaczu","author":"Historian's Journeys","date":"April 15, 2022","format":"image","excerpt":"\u015aredniowieczna \u015bwi\u0105tynia z Norwegii przeniesiona w sam \u015brodek Karkonoszy? Ko\u015bci\u00f3\u0142 Wang w Karpaczu zachwyca nie tylko niezwyk\u0142\u0105 drewnian\u0105 architektur\u0105, ale r\u00f3wnie\u017c histori\u0105 swojej dalekiej podr\u00f3\u017cy. Sprawd\u017a, sk\u0105d pochodzi, dlaczego trafi\u0142 na Dolny \u015al\u0105sk i co warto zobaczy\u0107 podczas wizyty.","rel":"","context":"In &quot;Dolno\u015bl\u0105skie&quot;","block_context":{"text":"Dolno\u015bl\u0105skie","link":"https:\/\/historiansjourneys.com\/en\/category\/polska\/dolnoslaskie\/"},"img":{"alt_text":"","src":"https:\/\/i0.wp.com\/historiansjourneys.com\/wp-content\/uploads\/2025\/12\/pb211118.jpg?resize=350%2C200&ssl=1","width":350,"height":200,"srcset":"https:\/\/i0.wp.com\/historiansjourneys.com\/wp-content\/uploads\/2025\/12\/pb211118.jpg?resize=350%2C200&ssl=1 1x, https:\/\/i0.wp.com\/historiansjourneys.com\/wp-content\/uploads\/2025\/12\/pb211118.jpg?resize=525%2C300&ssl=1 1.5x"},"classes":[]},{"id":13636,"url":"https:\/\/historiansjourneys.com\/en\/2025\/05\/11\/leuven-co-zobaczyc-i-zwiedzic-przewodnik-na-weekend\/","url_meta":{"origin":13426,"position":5},"title":"Leuven \u2013 what to see and do? A weekend guide","author":"Historian's Journeys","date":"May 11, 2025","format":false,"excerpt":"Planning a trip to Belgium? Discover the charm of Leuven \u2013 a city of Gothic monuments, Belgian chocolate, the KU Leuven university, and a European spirit of science. Explore Leuven's attractions for a weekend getaway.","rel":"","context":"In &quot;Belgia&quot;","block_context":{"text":"Belgia","link":"https:\/\/historiansjourneys.com\/en\/category\/europa\/belgia\/"},"img":{"alt_text":"","src":"https:\/\/i0.wp.com\/historiansjourneys.com\/wp-content\/uploads\/2025\/12\/pb193561.jpg?resize=350%2C200&ssl=1","width":350,"height":200,"srcset":"https:\/\/i0.wp.com\/historiansjourneys.com\/wp-content\/uploads\/2025\/12\/pb193561.jpg?resize=350%2C200&ssl=1 1x, https:\/\/i0.wp.com\/historiansjourneys.com\/wp-content\/uploads\/2025\/12\/pb193561.jpg?resize=525%2C300&ssl=1 1.5x, https:\/\/i0.wp.com\/historiansjourneys.com\/wp-content\/uploads\/2025\/12\/pb193561.jpg?resize=700%2C400&ssl=1 2x"},"classes":[]}],"_links":{"self":[{"href":"https:\/\/historiansjourneys.com\/en\/wp-json\/wp\/v2\/posts\/13426","targetHints":{"allow":["GET"]}}],"collection":[{"href":"https:\/\/historiansjourneys.com\/en\/wp-json\/wp\/v2\/posts"}],"about":[{"href":"https:\/\/historiansjourneys.com\/en\/wp-json\/wp\/v2\/types\/post"}],"author":[{"embeddable":true,"href":"https:\/\/historiansjourneys.com\/en\/wp-json\/wp\/v2\/users\/1"}],"replies":[{"embeddable":true,"href":"https:\/\/historiansjourneys.com\/en\/wp-json\/wp\/v2\/comments?post=13426"}],"version-history":[{"count":1,"href":"https:\/\/historiansjourneys.com\/en\/wp-json\/wp\/v2\/posts\/13426\/revisions"}],"predecessor-version":[{"id":19532,"href":"https:\/\/historiansjourneys.com\/en\/wp-json\/wp\/v2\/posts\/13426\/revisions\/19532"}],"wp:attachment":[{"href":"https:\/\/historiansjourneys.com\/en\/wp-json\/wp\/v2\/media?parent=13426"}],"wp:term":[{"taxonomy":"category","embeddable":true,"href":"https:\/\/historiansjourneys.com\/en\/wp-json\/wp\/v2\/categories?post=13426"},{"taxonomy":"post_tag","embeddable":true,"href":"https:\/\/historiansjourneys.com\/en\/wp-json\/wp\/v2\/tags?post=13426"}],"curies":[{"name":"wp","href":"https:\/\/api.w.org\/{rel}","templated":true}]}}